{"id":1019,"date":"2020-06-17T12:05:00","date_gmt":"2020-06-17T10:05:00","guid":{"rendered":"https:\/\/www.raulmayoral.es\/?p=1019"},"modified":"2022-06-28T12:10:41","modified_gmt":"2022-06-28T10:10:41","slug":"camarada-colau","status":"publish","type":"post","link":"https:\/\/www.raulmayoral.es\/index.php\/2020\/06\/17\/camarada-colau\/","title":{"rendered":"Camarada Colau"},"content":{"rendered":"\n<p class=\"wp-block-paragraph\">Sab\u00edamos que la camar-ada <strong>Colau<\/strong> detesta a la Iglesia cat\u00f3lica y a la Monarqu\u00eda. No que tambi\u00e9n aborreciese a <strong>Miguel de Cervantes<\/strong> y a <strong>Garcilaso de la Vega<\/strong>, hombres de letras y de armas. Ambos usaron la pluma para escribir prosa y verso y emplearon el acero para servir a su patria. De haber sido coet\u00e1nea de tan magistrales y marciales escritores, Colau y sus hordas les habr\u00edan acosado con un\u00a0<em>escrache\u00a0<\/em>imponi\u00e9ndoles la separaci\u00f3n de espacios; como si la educaci\u00f3n y la cultura fueran incompatibles con la milicia. \u00a1Cu\u00e1nto saber, disciplina, honor y \u00e9tica encierran las Reales Ordenanzas! Gracias a ello perduran los ej\u00e9rcitos. \u00a1Cu\u00e1nto de estos principios escasea en algunos regidores municipales! Tanto de los que hab\u00eda como de los emergentes. Los nuevos pretenden hacernos creer que llegan con resplandores de aurora de tonos rojos, pero \u00e9stos no se deben precisamente al reflejo del sol. Esta revenida izquierda decimon\u00f3nica, que nos asfixia con su insoportable olor a formol, esconde tras la m\u00e1scara de su postizo pacifismo y su cosm\u00e9tico antimilitarismo la nostalgia por un ej\u00e9rcito a su gusto. De tipo partidista, movilizado por consignas pol\u00edticas y no castrenses, y capitaneado por comisarios pol\u00edticos como el que fund\u00f3 <strong>Trotsky <\/strong>en 1918, sometido despu\u00e9s por <strong>Stalin<\/strong> a una constante depuraci\u00f3n en aras del partido. A los bolcheviques les ha costado siempre entender que, en ocasiones, las armas pueden ser heraldos de paz; que los ej\u00e9rcitos pueden erigirse en garant\u00eda de libertad, precisamente, cuando la paz y la libertad estuvieron amenazadas por el Ej\u00e9rcito rojo en el pasado siglo.<\/p>\n\n\n\n<p class=\"wp-block-paragraph\">La Constituci\u00f3n espa\u00f1ola consagra la constitucionalidad de nuestra milicia al recoger en su art\u00edculo 8 que \u201clas Fuerzas Armadas, constituidas por el Ej\u00e9rcito de Tierra, la Armada y el Ej\u00e9rcito del Aire, tienen como misi\u00f3n garantizar la soberan\u00eda e independencia de Espa\u00f1a, defender su integridad territorial y el ordenamiento constitucional\u201d. Hoy en Espa\u00f1a el Ej\u00e9rcito sirve al Estado de Derecho. Es una instituci\u00f3n dem\u00f3crata, porque garantiza y promociona la democracia. Afortunadamente, ni sus procedimientos ni su toma de decisiones son democr\u00e1ticos, porque un general no se elige mediante una votaci\u00f3n ni tampoco la tropa vota por que se conquiste o no una colina. No solo por su inserci\u00f3n en la Carta magna debieran ser respetadas nuestras Fuerzas Armadas. Tambi\u00e9n porque nuestros soldados atesoran el valor de derramar su sangre por su bandera, cualidad que nos parece heroica y admirable a quienes no abrigamos recelos ni suspicacias propias de una ideolog\u00eda rencorosa.<\/p>\n\n\n\n<p class=\"wp-block-paragraph\">La alcaldesa de Barcelona cometi\u00f3 una falta de respeto hacia una instituci\u00f3n que es parte esencial del ordenamiento constitucional, ya que es su garante. Su actitud miserable, otra m\u00e1s, es propia de un p\u00e9simo partidismo, sectario, miope y anclado en el pasado. Quiz\u00e1s la alcaldesa sufri\u00f3 la traici\u00f3n de su subconsciente y se crey\u00f3 un comisario pol\u00edtico. La camar-ada Colau depurando oficiales.<\/p>\n\n\n\n<p class=\"wp-block-paragraph\">Art\u00edculo publicado por Ra\u00fal Mayoral Benito en el diario digital <em>El Imparcial<\/em> el 13 de marzo de 2016. <a href=\"https:\/\/www.elimparcial.es\/noticia\/162672\/opinion\/camarada-colau.html\">https:\/\/www.elimparcial.es\/noticia\/162672\/opinion\/camarada-colau.html<\/a><\/p>\n","protected":false},"excerpt":{"rendered":"<p>Sab\u00edamos que la camar-ada Colau detesta a la Iglesia cat\u00f3lica y a la Monarqu\u00eda. No que tambi\u00e9n aborreciese a Miguel de Cervantes y a Garcilaso de la Vega, hombres de letras y de armas. Ambos usaron la pluma para escribir prosa y verso y emplearon el acero para servir a su patria. De haber sido [&hellip;]<\/p>\n","protected":false},"author":1,"featured_media":1020,"comment_status":"open","ping_status":"open","sticky":false,"template":"","format":"standard","meta":{"_crdt_document":"","om_disable_all_campaigns":false,"_monsterinsights_skip_tracking":false,"_monsterinsights_sitenote_active":false,"_monsterinsights_sitenote_note":"","_monsterinsights_sitenote_category":0,"_uf_show_specific_survey":0,"_uf_disable_surveys":false,"jetpack_post_was_ever_published":false,"_jetpack_newsletter_access":"","_jetpack_dont_email_post_to_subs":false,"_jetpack_newsletter_tier_id":0,"_jetpack_memberships_contains_paywalled_content":false,"_jetpack_memberships_contains_paid_content":false,"footnotes":"","jetpack_publicize_message":"","jetpack_publicize_feature_enabled":true,"jetpack_social_post_already_shared":false,"jetpack_social_options":{"image_generator_settings":{"template":"highway","default_image_id":0,"font":"","enabled":false},"version":2}},"categories":[21,9],"tags":[],"class_list":["post-1019","post","type-post","status-publish","format-standard","has-post-thumbnail","hentry","category-el-imparcial","category-hemeroteca-2"],"aioseo_notices":[],"jetpack_publicize_connections":[],"jetpack_featured_media_url":"https:\/\/i0.wp.com\/www.raulmayoral.es\/wp-content\/uploads\/2022\/06\/camarada-Colau.jpg?fit=586%2C330&ssl=1","jetpack-related-posts":[],"jetpack_sharing_enabled":true,"_links":{"self":[{"href":"https:\/\/www.raulmayoral.es\/index.php\/wp-json\/wp\/v2\/posts\/1019","targetHints":{"allow":["GET"]}}],"collection":[{"href":"https:\/\/www.raulmayoral.es\/index.php\/wp-json\/wp\/v2\/posts"}],"about":[{"href":"https:\/\/www.raulmayoral.es\/index.php\/wp-json\/wp\/v2\/types\/post"}],"author":[{"embeddable":true,"href":"https:\/\/www.raulmayoral.es\/index.php\/wp-json\/wp\/v2\/users\/1"}],"replies":[{"embeddable":true,"href":"https:\/\/www.raulmayoral.es\/index.php\/wp-json\/wp\/v2\/comments?post=1019"}],"version-history":[{"count":1,"href":"https:\/\/www.raulmayoral.es\/index.php\/wp-json\/wp\/v2\/posts\/1019\/revisions"}],"predecessor-version":[{"id":1021,"href":"https:\/\/www.raulmayoral.es\/index.php\/wp-json\/wp\/v2\/posts\/1019\/revisions\/1021"}],"wp:featuredmedia":[{"embeddable":true,"href":"https:\/\/www.raulmayoral.es\/index.php\/wp-json\/wp\/v2\/media\/1020"}],"wp:attachment":[{"href":"https:\/\/www.raulmayoral.es\/index.php\/wp-json\/wp\/v2\/media?parent=1019"}],"wp:term":[{"taxonomy":"category","embeddable":true,"href":"https:\/\/www.raulmayoral.es\/index.php\/wp-json\/wp\/v2\/categories?post=1019"},{"taxonomy":"post_tag","embeddable":true,"href":"https:\/\/www.raulmayoral.es\/index.php\/wp-json\/wp\/v2\/tags?post=1019"}],"curies":[{"name":"wp","href":"https:\/\/api.w.org\/{rel}","templated":true}]}}