{"id":1112,"date":"2019-01-04T12:32:00","date_gmt":"2019-01-04T11:32:00","guid":{"rendered":"https:\/\/www.raulmayoral.es\/?p=1112"},"modified":"2022-09-08T16:46:53","modified_gmt":"2022-09-08T14:46:53","slug":"jueces-de-linea","status":"publish","type":"post","link":"https:\/\/www.raulmayoral.es\/index.php\/2019\/01\/04\/jueces-de-linea\/","title":{"rendered":"Jueces de l\u00ednea"},"content":{"rendered":"\n<p class=\"wp-block-paragraph\">Con tanto f\u00fatbol y tantas trincheras pol\u00edticas a base de l\u00edneas rojas, la profesi\u00f3n de juez de l\u00ednea est\u00e1 sobredimensionada en Espa\u00f1a. Los jueces, junto con los periodistas, representan el term\u00f3metro de las democracias, que funcionan si aqu\u00e9llos son libres e independientes. En su adolescencia, el bar\u00f3n de <strong>Montesquieu<\/strong>, que ejerci\u00f3 como magistrado, se debati\u00f3 entre seguir los estudios de medicina o de leyes. Se inclin\u00f3 por el estudio del Derecho cuando repar\u00f3 en que el error de un m\u00e9dico podr\u00eda provocar la muerte del paciente, mientras que el de un juez creaba jurisprudencia. No quiso correr riesgos. Por estar m\u00e1s expuestos al grader\u00edo y al vocer\u00edo, los jueces de l\u00ednea balomp\u00e9dicos, llamados simplemente asistentes,\u00a0<em>liniers\u00a0<\/em>o l\u00edneas (<em>el orsay lo ha se\u00f1alizado el l\u00ednea<\/em>, vocean los contertulios radiof\u00f3nicos del bal\u00f3n), arriesgan mucho m\u00e1s que sus superiores jer\u00e1rquicos, conocidos, en cambio, por sus dos apellidos: <strong>Ortiz de Mend\u00edbil<\/strong>, <strong>And\u00fajar Oliver<\/strong> o <strong>del Cerro Grande<\/strong>. No por ello, el asistente deja de enmendar la plana al \u00e1rbitro (\u00a1<em>penalti y expulsi\u00f3n! \u00a1No me jodas, Rafa!<\/em>).<\/p>\n\n\n\n<p class=\"wp-block-paragraph\">El empedrado pol\u00edtico espa\u00f1ol presenta un exceso de l\u00edneas rojas. Con tanta linde, la ciudadan\u00eda ya no sabe por d\u00f3nde pisar. Es como una concentraci\u00f3n parcelaria que en vez de basarse en la ley (<em>De la ley a la ley<\/em>), se supedita al instinto de supervivencia del delineante. El Comit\u00e9 federal del PSOE ha trazado l\u00edneas rojas a <strong>S\u00e1nchez<\/strong>; Ciudadanos a <strong>Rajoy<\/strong>; Rajoy a <strong>Rivera<\/strong>; el PP a <strong>Soria<\/strong>; <strong>De Guindos<\/strong> a <strong>Rato<\/strong>; los independentistas catalanes de izquierdas a los independentistas catalanes de derecha; <strong>Errej\u00f3n<\/strong> a <strong>Iglesias<\/strong>; Iglesias a Errej\u00f3n; <strong>Gonz\u00e1lez<\/strong> a Rajoy, S\u00e1nchez y Rivera; y hasta la FIFA, al&nbsp;<em>Madr\u00ed&nbsp;<\/em>y al&nbsp;<em>Aleti<\/em>&nbsp;en pol\u00edtica de fichajes. \u00a1Qu\u00e9 valioso fichaje el de S\u00e1nchez como portero de discoteca para decir con su habitual empaque y sin fisuras \u201cno\u201d a la entrada del local! Cada l\u00ednea roja requiere de su mantenimiento (una segunda mano de pintura), que es a la vez una ratificaci\u00f3n (<em>me ratifico en lo ya dicho<\/em>, es la coletilla del portavoz), y precisa del correspondiente juez de l\u00ednea que dictamine si se ha rebasado para aplicar la amonestaci\u00f3n. No es lo mismo cruzar la l\u00ednea que tirar la l\u00ednea. Hab\u00eda un pol\u00edtico al que apodaban&nbsp;<em>tiral\u00edneas<\/em>&nbsp;por su sorprendente capacidad de alinearse con cualquiera.<\/p>\n\n\n\n<p class=\"wp-block-paragraph\">Sobre el pavimento de la ciudad de Berl\u00edn los sovi\u00e9ticos pintaron en 1948 una l\u00ednea divisoria para delimitar su sector y el de los aliados. En 1961 en lugar de dar una segunda mano de pintura, levantaron un muro. Terminaron disparando contra quienes pretend\u00edan saltarlo. Oponerse a la libertad siempre es un fracaso porque resulta imparable. El independentismo catal\u00e1n, en su cerraz\u00f3n por dividir y separar, se ha cre\u00eddo que la independencia se logra siguiendo las instrucciones como en esos juegos de manualidades de papel recortable:&nbsp;<em>C\u00f3rtese por la l\u00ednea de puntos<\/em>. De aqu\u00ed en un a\u00f1o, <strong>Puigdemont<\/strong>,&nbsp;<em>el Eduardo Manostijeras del proc\u00e9s<\/em>, necesitar\u00e1 un juez de l\u00ednea. Y los jueces de verdad debieran juzgar y dictar sentencia.<\/p>\n\n\n\n<p class=\"wp-block-paragraph\">Art\u00edculo publicado por Ra\u00fal Mayoral Benito en el diario digital <em>El Imparcial <\/em>el 11 de septiembre de 2016. <a href=\"https:\/\/www.elimparcial.es\/noticia\/169436\/opinion\/jueces-de-linea.html\">https:\/\/www.elimparcial.es\/noticia\/169436\/opinion\/jueces-de-linea.html<\/a><\/p>\n","protected":false},"excerpt":{"rendered":"<p>Con tanto f\u00fatbol y tantas trincheras pol\u00edticas a base de l\u00edneas rojas, la profesi\u00f3n de juez de l\u00ednea est\u00e1 sobredimensionada en Espa\u00f1a. Los jueces, junto con los periodistas, representan el term\u00f3metro de las democracias, que funcionan si aqu\u00e9llos son libres e independientes. En su adolescencia, el bar\u00f3n de Montesquieu, que ejerci\u00f3 como magistrado, se debati\u00f3 [&hellip;]<\/p>\n","protected":false},"author":1,"featured_media":1243,"comment_status":"open","ping_status":"open","sticky":false,"template":"","format":"standard","meta":{"_crdt_document":"","om_disable_all_campaigns":false,"_monsterinsights_skip_tracking":false,"_monsterinsights_sitenote_active":false,"_monsterinsights_sitenote_note":"","_monsterinsights_sitenote_category":0,"_uf_show_specific_survey":0,"_uf_disable_surveys":false,"jetpack_post_was_ever_published":false,"_jetpack_newsletter_access":"","_jetpack_dont_email_post_to_subs":false,"_jetpack_newsletter_tier_id":0,"_jetpack_memberships_contains_paywalled_content":false,"_jetpack_memberships_contains_paid_content":false,"footnotes":"","jetpack_publicize_message":"","jetpack_publicize_feature_enabled":true,"jetpack_social_post_already_shared":false,"jetpack_social_options":{"image_generator_settings":{"template":"highway","default_image_id":0,"font":"","enabled":false},"version":2}},"categories":[21,9],"tags":[],"class_list":["post-1112","post","type-post","status-publish","format-standard","has-post-thumbnail","hentry","category-el-imparcial","category-hemeroteca-2"],"aioseo_notices":[],"jetpack_publicize_connections":[],"jetpack_featured_media_url":"https:\/\/i0.wp.com\/www.raulmayoral.es\/wp-content\/uploads\/2019\/01\/Jueces-de-linea.jpeg?fit=1200%2C802&ssl=1","jetpack-related-posts":[],"jetpack_sharing_enabled":true,"_links":{"self":[{"href":"https:\/\/www.raulmayoral.es\/index.php\/wp-json\/wp\/v2\/posts\/1112","targetHints":{"allow":["GET"]}}],"collection":[{"href":"https:\/\/www.raulmayoral.es\/index.php\/wp-json\/wp\/v2\/posts"}],"about":[{"href":"https:\/\/www.raulmayoral.es\/index.php\/wp-json\/wp\/v2\/types\/post"}],"author":[{"embeddable":true,"href":"https:\/\/www.raulmayoral.es\/index.php\/wp-json\/wp\/v2\/users\/1"}],"replies":[{"embeddable":true,"href":"https:\/\/www.raulmayoral.es\/index.php\/wp-json\/wp\/v2\/comments?post=1112"}],"version-history":[{"count":3,"href":"https:\/\/www.raulmayoral.es\/index.php\/wp-json\/wp\/v2\/posts\/1112\/revisions"}],"predecessor-version":[{"id":1245,"href":"https:\/\/www.raulmayoral.es\/index.php\/wp-json\/wp\/v2\/posts\/1112\/revisions\/1245"}],"wp:featuredmedia":[{"embeddable":true,"href":"https:\/\/www.raulmayoral.es\/index.php\/wp-json\/wp\/v2\/media\/1243"}],"wp:attachment":[{"href":"https:\/\/www.raulmayoral.es\/index.php\/wp-json\/wp\/v2\/media?parent=1112"}],"wp:term":[{"taxonomy":"category","embeddable":true,"href":"https:\/\/www.raulmayoral.es\/index.php\/wp-json\/wp\/v2\/categories?post=1112"},{"taxonomy":"post_tag","embeddable":true,"href":"https:\/\/www.raulmayoral.es\/index.php\/wp-json\/wp\/v2\/tags?post=1112"}],"curies":[{"name":"wp","href":"https:\/\/api.w.org\/{rel}","templated":true}]}}