{"id":1122,"date":"2020-11-05T12:45:00","date_gmt":"2020-11-05T11:45:00","guid":{"rendered":"https:\/\/www.raulmayoral.es\/?p=1122"},"modified":"2022-08-05T12:53:40","modified_gmt":"2022-08-05T10:53:40","slug":"incompetencia-y-bancarrota","status":"publish","type":"post","link":"https:\/\/www.raulmayoral.es\/index.php\/2020\/11\/05\/incompetencia-y-bancarrota\/","title":{"rendered":"Incompetencia y bancarrota"},"content":{"rendered":"\n<p class=\"wp-block-paragraph\">La an\u00e9cdota transcurre en la Alemania ocupada por los aliados tras la II Guerra Mundial. En alg\u00fan punto donde coinciden las zonas de ocupaci\u00f3n de la URSS y los EE.UU, discuten sobre democracia soldados de ambos ej\u00e9rcitos. El norteamericano da su definici\u00f3n: \u201cNuestra democracia significa que yo puedo gritar frente a la Casa Blanca: <strong>Truman<\/strong> no es un buen presidente. Quiero un presidente mejor que Truman. Y no me ocurre nada\u201d. El sovi\u00e9tico replica: \u201cTambi\u00e9n nosotros tenemos democracia. Yo puedo gritar frente al Kremlin: Truman no es un buen presidente. Quiero un presidente mejor que Truman. Y no me ocurre nada\u201d.<\/p>\n\n\n\n<p class=\"wp-block-paragraph\">En una democracia el gran desaf\u00edo para los gobernantes es lograr que hasta su altura llegue el pensamiento y la opini\u00f3n de los gobernados. Y es tarea ardua salvaguardar un orden de participaci\u00f3n de los ciudadanos en la esfera p\u00fablica que act\u00fae como contrapeso a las instituciones estatales. El objetivo \u00faltimo ser\u00eda que la acci\u00f3n pol\u00edtica, fundada en principios morales, redunde en beneficio del pueblo. La pol\u00edtica no es mera gesti\u00f3n de poder, necesita de una dimensi\u00f3n moral, pues sin ella aflora el partidismo y la demagogia. Y eso no es gobernar. Lo dec\u00eda <strong>Antonio Maura<\/strong>:\u00a0<em>Se puede estar en el Gobierno pero no gobernar. Porque gobernar, lo que se dice gobernar, consiste en una tarea extremadamente dif\u00edcil: estar al servicio de todo un pueblo<\/em>. As\u00ed es la pol\u00edtica grande, la de la conveniencia p\u00fablica.<\/p>\n\n\n\n<p class=\"wp-block-paragraph\">Empachados de relativismo y borrachos de ideolog\u00eda, hemos olvidado qu\u00e9 son la pol\u00edtica grande y la conveniencia p\u00fablica, convirti\u00e9ndonos en una naci\u00f3n \u00bfparad\u00f3jica o c\u00ednica? Defendemos la vida combatiendo la pandemia al mismo tiempo que nuestra clase pol\u00edtica tramita la legalizaci\u00f3n de la eutanasia. Denunciamos toda forma de violencia y de acciones fuera de la ley mientras que un detestable tinglado pol\u00edtico permite a minor\u00edas partidarias del terrorismo y del golpismo condicionar nuestra convivencia y prosperidad. Y ante la mayor crisis econ\u00f3mica de nuestra historia contempor\u00e1nea, el Gobierno, en vez de mirar al futuro, se distrae infantilmente revolviendo el pasado; en vez de aplicar remedios se ofusca persiguiendo venganza. \u00bfEstamos locos o somos amorales? Cada d\u00eda nos parecemos m\u00e1s a aquella nefasta Rep\u00fablica alemana de Weimar que, entre una pol\u00edtica incompetente y una econom\u00eda en bancarrota, sucumbi\u00f3, ayuna de liderazgo moral, a manos de un charlat\u00e1n de cervecer\u00eda con camisa parda. Tambi\u00e9n aqu\u00e9l quer\u00eda ganar una guerra perdida a\u00f1os antes.<ins><\/ins><\/p>\n\n\n\n<p class=\"wp-block-paragraph\">Ante pol\u00edticos de moral raqu\u00edtica que, aferrados al poder y a la patrimonializaci\u00f3n del cargo, no vacilan en contradecirse, en faltar a su palabra o renegar de sus actos, ante fabricantes de buenas palabras y esl\u00f3ganes atractivos con que disimular la falta de sentido de Estado, ante p\u00e9simos gestores ocupados \u00fanicamente en escenificar como actores dando empaque a su propio yo inoculando su fan\u00e1tico sectarismo, resulta m\u00e1s necesario que nunca defender la democracia haci\u00e9ndola invulnerable a toda suerte de fraudes y abusos. Y si alg\u00fan ciudadano grita pidiendo un presidente mejor, que no le ocurra nada.<\/p>\n\n\n\n<p class=\"wp-block-paragraph\">Art\u00edculo publicado por Ra\u00fal Mayoral Benito en el diario digital <em>El Imparcial <\/em>el 20 de septiembre de 2020. <a href=\"https:\/\/www.elimparcial.es\/noticia\/216940\/incompetencia-y-bancarrota.html\">https:\/\/www.elimparcial.es\/noticia\/216940\/incompetencia-y-bancarrota.html<\/a><\/p>\n","protected":false},"excerpt":{"rendered":"<p>La an\u00e9cdota transcurre en la Alemania ocupada por los aliados tras la II Guerra Mundial. En alg\u00fan punto donde coinciden las zonas de ocupaci\u00f3n de la URSS y los EE.UU, discuten sobre democracia soldados de ambos ej\u00e9rcitos. El norteamericano da su definici\u00f3n: \u201cNuestra democracia significa que yo puedo gritar frente a la Casa Blanca: Truman [&hellip;]<\/p>\n","protected":false},"author":1,"featured_media":1123,"comment_status":"open","ping_status":"open","sticky":false,"template":"","format":"standard","meta":{"_crdt_document":"","om_disable_all_campaigns":false,"_monsterinsights_skip_tracking":false,"_monsterinsights_sitenote_active":false,"_monsterinsights_sitenote_note":"","_monsterinsights_sitenote_category":0,"_uf_show_specific_survey":0,"_uf_disable_surveys":false,"jetpack_post_was_ever_published":false,"_jetpack_newsletter_access":"","_jetpack_dont_email_post_to_subs":false,"_jetpack_newsletter_tier_id":0,"_jetpack_memberships_contains_paywalled_content":false,"_jetpack_memberships_contains_paid_content":false,"footnotes":"","jetpack_publicize_message":"","jetpack_publicize_feature_enabled":true,"jetpack_social_post_already_shared":false,"jetpack_social_options":{"image_generator_settings":{"template":"highway","default_image_id":0,"font":"","enabled":false},"version":2}},"categories":[21,9],"tags":[],"class_list":["post-1122","post","type-post","status-publish","format-standard","has-post-thumbnail","hentry","category-el-imparcial","category-hemeroteca-2"],"aioseo_notices":[],"jetpack_publicize_connections":[],"jetpack_featured_media_url":"https:\/\/i0.wp.com\/www.raulmayoral.es\/wp-content\/uploads\/2022\/08\/Incompetencia-y-bancarrota.jpg?fit=547%2C391&ssl=1","jetpack-related-posts":[],"jetpack_sharing_enabled":true,"_links":{"self":[{"href":"https:\/\/www.raulmayoral.es\/index.php\/wp-json\/wp\/v2\/posts\/1122","targetHints":{"allow":["GET"]}}],"collection":[{"href":"https:\/\/www.raulmayoral.es\/index.php\/wp-json\/wp\/v2\/posts"}],"about":[{"href":"https:\/\/www.raulmayoral.es\/index.php\/wp-json\/wp\/v2\/types\/post"}],"author":[{"embeddable":true,"href":"https:\/\/www.raulmayoral.es\/index.php\/wp-json\/wp\/v2\/users\/1"}],"replies":[{"embeddable":true,"href":"https:\/\/www.raulmayoral.es\/index.php\/wp-json\/wp\/v2\/comments?post=1122"}],"version-history":[{"count":1,"href":"https:\/\/www.raulmayoral.es\/index.php\/wp-json\/wp\/v2\/posts\/1122\/revisions"}],"predecessor-version":[{"id":1124,"href":"https:\/\/www.raulmayoral.es\/index.php\/wp-json\/wp\/v2\/posts\/1122\/revisions\/1124"}],"wp:featuredmedia":[{"embeddable":true,"href":"https:\/\/www.raulmayoral.es\/index.php\/wp-json\/wp\/v2\/media\/1123"}],"wp:attachment":[{"href":"https:\/\/www.raulmayoral.es\/index.php\/wp-json\/wp\/v2\/media?parent=1122"}],"wp:term":[{"taxonomy":"category","embeddable":true,"href":"https:\/\/www.raulmayoral.es\/index.php\/wp-json\/wp\/v2\/categories?post=1122"},{"taxonomy":"post_tag","embeddable":true,"href":"https:\/\/www.raulmayoral.es\/index.php\/wp-json\/wp\/v2\/tags?post=1122"}],"curies":[{"name":"wp","href":"https:\/\/api.w.org\/{rel}","templated":true}]}}