{"id":1142,"date":"2021-08-10T14:20:00","date_gmt":"2021-08-10T12:20:00","guid":{"rendered":"https:\/\/www.raulmayoral.es\/?p=1142"},"modified":"2022-08-07T14:24:30","modified_gmt":"2022-08-07T12:24:30","slug":"ciegos","status":"publish","type":"post","link":"https:\/\/www.raulmayoral.es\/index.php\/2021\/08\/10\/ciegos\/","title":{"rendered":"Ciegos"},"content":{"rendered":"\n<p class=\"wp-block-paragraph\">En 1948 los sovi\u00e9ticos publicaron en braille\u00a0<em>El Capital<\/em>, de<strong> Marx<\/strong>. La obra se consider\u00f3 un alarde editorial. Con su indestructible humor brit\u00e1nico, el\u00a0<em>Daily Telegraph<\/em>\u00a0titul\u00f3 as\u00ed la noticia: \u201cUn ciego para guiar a otros ciegos\u201d. R\u00fabrica id\u00f3nea para quien, cegado por su ambici\u00f3n de poder, pretende guiar los pasos de otros invidentes cegados por el odio a Espa\u00f1a. Uno y otros maquinan peligrosamente contra la naci\u00f3n a un ritmo galopante. Porque prisa, como dec\u00eda <strong>Ortega<\/strong>, solo la tienen los ambiciosos.<\/p>\n\n\n\n<p class=\"wp-block-paragraph\">Est\u00e1n los tiempos para ir despacio con mucha prudencia y ojos muy abiertos a trav\u00e9s de este campo minado en que se ha convertido la otrora quieta d\u00e1rsena espa\u00f1ola por culpa del socialismo revanchista de <strong>Zapatero<\/strong>. Con \u00e9l comenz\u00f3 el desbarajuste empe\u00f1ado en un\u00a0<em>guerracivilista<\/em>\u00a0ajuste de cuentas a la Transici\u00f3n y al r\u00e9gimen del 78. \u201cAceptaremos cualquier cosa\u201d, \u201ctodo vale\u201d, \u201ccomo sea\u201d, sin\u00f3nimos relativistas en estado puro. Y ant\u00f3nimos de preservaci\u00f3n del castillo almenado del Estado de Derecho, con puente levadizo y centinelas armados. Este socialismo reaccionario y subversivo derriba fortificaciones, baja el puente y desarma la guardia. Los indultos no s\u00f3lo han abierto las celdas, tambi\u00e9n los portones de la fortaleza constitucional. Mientras, los ingenuos conf\u00edados alegremente justifican el derribo en una necesaria contribuci\u00f3n a la \u201cnueva\u201d reconciliaci\u00f3n. Quienes no comulgan con ruedas de molino son declarados proscritos censurando su af\u00e1n de poner piedras en el camino de la convivencia. Resuenan las palabras de <strong>Stefan Zweig<\/strong> en\u00a0<em>El mundo de ayer<\/em>: \u201cEl que expon\u00eda una duda, entorpec\u00eda la actividad pol\u00edtica, al que les daba una advertencia, lo escarnec\u00edan, llam\u00e1ndolo pesimista&#8230;\u201d. Muchos espa\u00f1oles deseamos que se ponga fin al chantaje del separatismo pero nunca con un montaje de comedia burda en el que los separatistas son un espejo de virtudes. Porque a\u00fan puede formularse un extenso pliego de cargos contra esa tropa rebelde, cuya lectura dejar\u00eda al descubierto su p\u00e9rfida maquinaci\u00f3n de volver a delinquir.<\/p>\n\n\n\n<p class=\"wp-block-paragraph\">Alguno juega con su idea de concordia como un gato con el rat\u00f3n sin darse cuenta de que el rat\u00f3n es \u00e9l. Dec\u00eda <strong>Montanelli<\/strong> que un irresponsable puede decir cualquier cosa y aprovecharse de ello. T\u00edtulo aplicable a quien persiste en desmontar el orden constitucional. Si se analizan sus dichos pol\u00edticos se observa que detr\u00e1s de una verborrea oce\u00e1nica y una exaltaci\u00f3n ret\u00f3rica considerable no hay absolutamente nada. Dice estar a favor del di\u00e1logo y del entendimiento. Todo el mundo lo est\u00e1, pero no a cualquier precio. Su discurso no ha revelado en un solo momento al estadista, sino a un vulgar demagogo de envergadura. Su falta de honestidad como modo de hacer pol\u00edtica, sus mentiras como m\u00e9todo de conducta y su tergiversaci\u00f3n de los hechos revelan una ambici\u00f3n ciega e irresponsable. Si tanto le ha cambiado la pandemia abrigando ahora un sentimiento magn\u00e1nimo de fraternidad, que se aplique el cuento y se d\u00e9 un abrazo con <strong>Ayuso<\/strong>. Eso s\u00ed ser\u00eda reconciliaci\u00f3n.<\/p>\n\n\n\n<p class=\"wp-block-paragraph\">Art\u00edculo publicado por Ra\u00fal Mayoral Benito en el diario digital <em>El Imparcial<\/em> el 27 de junio de 2021 <a href=\"https:\/\/www.elimparcial.es\/noticia\/227679\/opinion\/ciegos.html\">https:\/\/www.elimparcial.es\/noticia\/227679\/opinion\/ciegos.html<\/a><\/p>\n","protected":false},"excerpt":{"rendered":"<p>En 1948 los sovi\u00e9ticos publicaron en braille\u00a0El Capital, de Marx. La obra se consider\u00f3 un alarde editorial. Con su indestructible humor brit\u00e1nico, el\u00a0Daily Telegraph\u00a0titul\u00f3 as\u00ed la noticia: \u201cUn ciego para guiar a otros ciegos\u201d. R\u00fabrica id\u00f3nea para quien, cegado por su ambici\u00f3n de poder, pretende guiar los pasos de otros invidentes cegados por el odio [&hellip;]<\/p>\n","protected":false},"author":1,"featured_media":1143,"comment_status":"open","ping_status":"open","sticky":false,"template":"","format":"standard","meta":{"_crdt_document":"","om_disable_all_campaigns":false,"_monsterinsights_skip_tracking":false,"_monsterinsights_sitenote_active":false,"_monsterinsights_sitenote_note":"","_monsterinsights_sitenote_category":0,"_uf_show_specific_survey":0,"_uf_disable_surveys":false,"jetpack_post_was_ever_published":false,"_jetpack_newsletter_access":"","_jetpack_dont_email_post_to_subs":false,"_jetpack_newsletter_tier_id":0,"_jetpack_memberships_contains_paywalled_content":false,"_jetpack_memberships_contains_paid_content":false,"footnotes":"","jetpack_publicize_message":"","jetpack_publicize_feature_enabled":true,"jetpack_social_post_already_shared":false,"jetpack_social_options":{"image_generator_settings":{"template":"highway","default_image_id":0,"font":"","enabled":false},"version":2}},"categories":[21,9],"tags":[],"class_list":["post-1142","post","type-post","status-publish","format-standard","has-post-thumbnail","hentry","category-el-imparcial","category-hemeroteca-2"],"aioseo_notices":[],"jetpack_publicize_connections":[],"jetpack_featured_media_url":"https:\/\/i0.wp.com\/www.raulmayoral.es\/wp-content\/uploads\/2022\/08\/Zapatero-y-Sanchez.jpg?fit=770%2C420&ssl=1","jetpack-related-posts":[],"jetpack_sharing_enabled":true,"_links":{"self":[{"href":"https:\/\/www.raulmayoral.es\/index.php\/wp-json\/wp\/v2\/posts\/1142","targetHints":{"allow":["GET"]}}],"collection":[{"href":"https:\/\/www.raulmayoral.es\/index.php\/wp-json\/wp\/v2\/posts"}],"about":[{"href":"https:\/\/www.raulmayoral.es\/index.php\/wp-json\/wp\/v2\/types\/post"}],"author":[{"embeddable":true,"href":"https:\/\/www.raulmayoral.es\/index.php\/wp-json\/wp\/v2\/users\/1"}],"replies":[{"embeddable":true,"href":"https:\/\/www.raulmayoral.es\/index.php\/wp-json\/wp\/v2\/comments?post=1142"}],"version-history":[{"count":1,"href":"https:\/\/www.raulmayoral.es\/index.php\/wp-json\/wp\/v2\/posts\/1142\/revisions"}],"predecessor-version":[{"id":1144,"href":"https:\/\/www.raulmayoral.es\/index.php\/wp-json\/wp\/v2\/posts\/1142\/revisions\/1144"}],"wp:featuredmedia":[{"embeddable":true,"href":"https:\/\/www.raulmayoral.es\/index.php\/wp-json\/wp\/v2\/media\/1143"}],"wp:attachment":[{"href":"https:\/\/www.raulmayoral.es\/index.php\/wp-json\/wp\/v2\/media?parent=1142"}],"wp:term":[{"taxonomy":"category","embeddable":true,"href":"https:\/\/www.raulmayoral.es\/index.php\/wp-json\/wp\/v2\/categories?post=1142"},{"taxonomy":"post_tag","embeddable":true,"href":"https:\/\/www.raulmayoral.es\/index.php\/wp-json\/wp\/v2\/tags?post=1142"}],"curies":[{"name":"wp","href":"https:\/\/api.w.org\/{rel}","templated":true}]}}