{"id":1173,"date":"2019-01-12T18:27:00","date_gmt":"2019-01-12T17:27:00","guid":{"rendered":"https:\/\/www.raulmayoral.es\/?p=1173"},"modified":"2022-08-12T19:23:59","modified_gmt":"2022-08-12T17:23:59","slug":"generosidades","status":"publish","type":"post","link":"https:\/\/www.raulmayoral.es\/index.php\/2019\/01\/12\/generosidades\/","title":{"rendered":"S\u00e1nchez el generoso"},"content":{"rendered":"\n<p class=\"wp-block-paragraph\"><strong>S\u00e1nchez<\/strong> e <strong>Iglesias<\/strong> contin\u00faan contratacando erre que erre con la matraca de un gobierno de cambio, retroceso y socav\u00f3n, que no es m\u00e1s que reeditar en pleno siglo XXI aquellos gobiernos del Frente Popular, inventados por la URSS para domesticar y meter en una jaula comunista a tanto grillo suelto logrando as\u00ed una voz mon\u00f3tona al dictado de<strong> Stalin<\/strong>. No hay m\u00e1s que ver c\u00f3mo funciona el Ayuntamiento de Madrid con su Radio Tirana. Iglesias sigue erre que erre (<strong>Errej\u00f3n<\/strong> cada vez m\u00e1s postergado), queriendo ser vicepresidente, no a la manera de los USA, en donde la misi\u00f3n del presidente y del vicepresidente es la misma, pero solo tiene ventaja la del \u00faltimo, ya que el pa\u00eds no se entera cuando sale de caza o pesca. Iglesias ni caza ni pesca; solo quiere meternos miedo a trav\u00e9s del<em>&nbsp;tuiter;<\/em>&nbsp;sus maneras son las de formar un gobierno dentro del gobierno para ocuparse de lo que a \u00e9l verdaderamente m\u00e1s le seduce: que cuando a las seis de la ma\u00f1ana suene el timbre de la puerta de un domicilio no sea el lechero quien llame.<\/p>\n\n\n\n<p class=\"wp-block-paragraph\">S\u00e1nchez promete ser generoso con Podemos y Ciudadanos, lo que confirma esa imagen que \u00e9l siempre ha tenido de s\u00ed mismo como un h\u00e9roe de las novelas del Oeste. Se ve como jinete que cabalga por la gran llanura plurinacional arrastrado por un viento de ambici\u00f3n y altruismo, hombre lleno de bravura y de generoso esp\u00edritu, verdadero caballero andante que se abre paso por la tierra abierta amparando al d\u00e9bil y administrando justicia. Pero su generosidad con unos pocos le lleva a ser letal con la gran mayor\u00eda de espa\u00f1oles, que no se han extraviado en busca de soluciones extremas. Porque la \u00fanica manera que tiene S\u00e1nchez de ser presidente es lanzando a Espa\u00f1a por el abismo y yendo \u00e9l detr\u00e1s.<ins><\/ins><\/p>\n\n\n\n<p class=\"wp-block-paragraph\">Con atinado sentido did\u00e1ctico dec\u00eda <strong>Julio C\u00e9sar<\/strong> que no conviene guerrear siempre contra el mismo enemigo porque puede suceder que se le derrote, pero tambi\u00e9n se le ense\u00f1a. La beligerancia de S\u00e1nchez contra <strong>Rajoy<\/strong> es cansinamente la misma:&nbsp;<em>No es no<\/em>. En su pueril af\u00e1n por anular al l\u00edder del PP, S\u00e1nchez no acierta a hacer otra cosa que alborotar el caser\u00f3n patrio. Como un&nbsp;<em>enfant terrible,<\/em>&nbsp;que tiene ya adversarios dentro y fuera de su partido, ignora que la pol\u00edtica est\u00e1 para servir y no para jugar alegremente con unas ocurrencias que, seguramente, le exploten entre las manos. Lograr una investidura como presidente del gobierno no es lo mismo que gobernar una naci\u00f3n. Para lo primero se necesita la aritm\u00e9tica; para lo segundo, la estabilidad. <em>Me acabo de convencer de que el pa\u00eds por su clase gobernante es ingobernable<\/em>, dec\u00eda <strong>Silvela <\/strong>hace un m\u00e1s de un siglo.&nbsp;<em>Un pa\u00eds en que solo fuesen posibles gobiernos malos, ser\u00eda un pa\u00eds de malvados o de imb\u00e9ciles<\/em>, sentenci\u00f3 <strong>Balmes<\/strong> mucho antes. La verdadera generosidad ser\u00e1 la de aquellos diputados socialistas que se nieguen a descomponer y trocear Espa\u00f1a.<\/p>\n\n\n\n<p class=\"wp-block-paragraph\">Art\u00edculo publicado por Ra\u00fal Mayoral Benito en el diario digital <em>El Imparcial <\/em>el 25 de septiembre de 2016. <a href=\"https:\/\/www.elimparcial.es\/noticia\/169924\/snchez-el-generoso.html\">https:\/\/www.elimparcial.es\/noticia\/169924\/snchez-el-generoso.html<\/a><\/p>\n","protected":false},"excerpt":{"rendered":"<p>S\u00e1nchez e Iglesias contin\u00faan contratacando erre que erre con la matraca de un gobierno de cambio, retroceso y socav\u00f3n, que no es m\u00e1s que reeditar en pleno siglo XXI aquellos gobiernos del Frente Popular, inventados por la URSS para domesticar y meter en una jaula comunista a tanto grillo suelto logrando as\u00ed una voz mon\u00f3tona [&hellip;]<\/p>\n","protected":false},"author":1,"featured_media":1174,"comment_status":"open","ping_status":"open","sticky":false,"template":"","format":"standard","meta":{"_crdt_document":"","om_disable_all_campaigns":false,"_monsterinsights_skip_tracking":false,"_monsterinsights_sitenote_active":false,"_monsterinsights_sitenote_note":"","_monsterinsights_sitenote_category":0,"_uf_show_specific_survey":0,"_uf_disable_surveys":false,"jetpack_post_was_ever_published":false,"_jetpack_newsletter_access":"","_jetpack_dont_email_post_to_subs":false,"_jetpack_newsletter_tier_id":0,"_jetpack_memberships_contains_paywalled_content":false,"_jetpack_memberships_contains_paid_content":false,"footnotes":"","jetpack_publicize_message":"","jetpack_publicize_feature_enabled":true,"jetpack_social_post_already_shared":false,"jetpack_social_options":{"image_generator_settings":{"template":"highway","default_image_id":0,"font":"","enabled":false},"version":2}},"categories":[21,9],"tags":[],"class_list":["post-1173","post","type-post","status-publish","format-standard","has-post-thumbnail","hentry","category-el-imparcial","category-hemeroteca-2"],"aioseo_notices":[],"jetpack_publicize_connections":[],"jetpack_featured_media_url":"https:\/\/i0.wp.com\/www.raulmayoral.es\/wp-content\/uploads\/2022\/08\/Sanchez-el-generoso.jpeg?fit=640%2C384&ssl=1","jetpack-related-posts":[],"jetpack_sharing_enabled":true,"_links":{"self":[{"href":"https:\/\/www.raulmayoral.es\/index.php\/wp-json\/wp\/v2\/posts\/1173","targetHints":{"allow":["GET"]}}],"collection":[{"href":"https:\/\/www.raulmayoral.es\/index.php\/wp-json\/wp\/v2\/posts"}],"about":[{"href":"https:\/\/www.raulmayoral.es\/index.php\/wp-json\/wp\/v2\/types\/post"}],"author":[{"embeddable":true,"href":"https:\/\/www.raulmayoral.es\/index.php\/wp-json\/wp\/v2\/users\/1"}],"replies":[{"embeddable":true,"href":"https:\/\/www.raulmayoral.es\/index.php\/wp-json\/wp\/v2\/comments?post=1173"}],"version-history":[{"count":2,"href":"https:\/\/www.raulmayoral.es\/index.php\/wp-json\/wp\/v2\/posts\/1173\/revisions"}],"predecessor-version":[{"id":1176,"href":"https:\/\/www.raulmayoral.es\/index.php\/wp-json\/wp\/v2\/posts\/1173\/revisions\/1176"}],"wp:featuredmedia":[{"embeddable":true,"href":"https:\/\/www.raulmayoral.es\/index.php\/wp-json\/wp\/v2\/media\/1174"}],"wp:attachment":[{"href":"https:\/\/www.raulmayoral.es\/index.php\/wp-json\/wp\/v2\/media?parent=1173"}],"wp:term":[{"taxonomy":"category","embeddable":true,"href":"https:\/\/www.raulmayoral.es\/index.php\/wp-json\/wp\/v2\/categories?post=1173"},{"taxonomy":"post_tag","embeddable":true,"href":"https:\/\/www.raulmayoral.es\/index.php\/wp-json\/wp\/v2\/tags?post=1173"}],"curies":[{"name":"wp","href":"https:\/\/api.w.org\/{rel}","templated":true}]}}