{"id":1192,"date":"2019-06-17T00:11:00","date_gmt":"2019-06-16T22:11:00","guid":{"rendered":"https:\/\/www.raulmayoral.es\/?p=1192"},"modified":"2022-08-17T00:16:55","modified_gmt":"2022-08-16T22:16:55","slug":"castellano","status":"publish","type":"post","link":"https:\/\/www.raulmayoral.es\/index.php\/2019\/06\/17\/castellano\/","title":{"rendered":"Castellano"},"content":{"rendered":"\n<p class=\"wp-block-paragraph\">El idioma espa\u00f1ol, que un d\u00eda sirviera para unir pueblos, hoy divide a los espa\u00f1oles. El Gobierno de Espa\u00f1a, que a trav\u00e9s del Instituto Cervantes defiende la difusi\u00f3n del castellano en todo el orbe, no sabe c\u00f3mo defenderlo en la naci\u00f3n. El PSOE menos a\u00fan. Ciudadanos s\u00ed parece tenerlo claro. Los independentistas catalanes arrinconan el castellano e imponen el catal\u00e1n (otra lengua espa\u00f1ola), a sabiendas de que no es la lengua de <strong>Messi<\/strong>, ni de <strong>Su\u00e1rez<\/strong> ni de<strong> Coutinho<\/strong>.<\/p>\n\n\n\n<p class=\"wp-block-paragraph\">Los pa\u00edses latinos siempre tuvieron una mentalidad semejante que nace de an\u00e1logos sentimientos religiosos, de idiomas del mismo tronco, de parecida concepci\u00f3n de la vida, como brotado todo en la misma fuente de la Roma eterna. Por eso, Europa fue un tiempo Cristiandad. Pero con la Reforma y la Guerra de los Treinta A\u00f1os se rompi\u00f3 aquella unidad arraizada en valores cristianos. Entonces se inici\u00f3 el culto polimorfista a las nacionalidades, a los sedicentes genios de las razas, a las lenguas, como factor de diferenciaci\u00f3n. Siglos m\u00e1s tarde, sacar\u00eda provecho de todo eso <strong>Molotov<\/strong>, el ministro sovi\u00e9tico de Exteriores, un hombre que sab\u00eda decir \u201c<em>no<\/em>\u201d en cincuenta y seis lenguas. Como el insigne <strong>Fray Juan de Pineda<\/strong>, archimillonario del idioma. El examen que <strong>Le\u00f3n Van Vassenhove<\/strong> hizo de la evoluci\u00f3n de Suiza demuestra c\u00f3mo las diferencias geogr\u00e1ficas, \u00e9tnicas y de lengua, que se aducen como obst\u00e1culos para la unidad europea, concurren igualmente en la Confederaci\u00f3n Helv\u00e9tica. Vassenhove colocaba en su proyecto de Constituci\u00f3n europea al cristianismo como base de la civilizaci\u00f3n occidental, ya que consideraba indispensable una m\u00ednima unidad moral. Hoy los europeos creen m\u00e1s en la Champions League y en Eurovisi\u00f3n que en la propia Uni\u00f3n Europea.<\/p>\n\n\n\n<p class=\"wp-block-paragraph\">Nosotros, los espa\u00f1oles, que supimos proyectar una comunidad de naciones con nuestros hermanos de ultramar, quiz\u00e1s la m\u00e1s fuerte y flexible de la Historia, sabemos lo importante que es el lazo espiritual del idioma. Rezar a Dios en espa\u00f1ol sobre las dos orillas del mar de la Hispanidad ha generado con el correr de los a\u00f1os un v\u00ednculo familiar entre los pueblos hisp\u00e1nicos, un mismo sentido de la vida y de los valores \u00e9ticos. Conservamos el sentimiento de servir a un ideal colectivo. Cuentan las cr\u00f3nicas que en diciembre de 1949 partieron de C\u00e1diz rumbo a Am\u00e9rica <strong>Leopoldo Panero<\/strong>, <strong>Luis Rosales<\/strong>, <strong>Antonio de Zubiaurre<\/strong>, quienes, juntamente con <strong>Agust\u00edn de Fox\u00e1<\/strong>, que hab\u00eda de un\u00edrseles en La Habana, constitu\u00edan la embajada po\u00e9tica que Espa\u00f1a envi\u00f3 a los pa\u00edses hermanos de aquel continente. Poetas a Am\u00e9rica. Poetas de Am\u00e9rica. Com\u00fan a todos, un esp\u00edritu: el esp\u00edritu de la lengua de Cervantes. El idioma espa\u00f1ol debiera ser otra vez la proa verdadera de nuestras misiones de anchura universal. Y para eso nos bastamos cada uno de nosotros como espa\u00f1oles de verdad cuando viajamos por el mundo. Nos sobran el Gobierno y el 155. \u00a1Ya est\u00e1 bien de pusilanimidad!<\/p>\n\n\n\n<p class=\"wp-block-paragraph\">Art\u00edculo publicado por Ra\u00fal Mayoral Benito en el diario digital <em>El Imparcial<\/em> el 18 de febrero de 2018. <a href=\"https:\/\/www.elimparcial.es\/noticia\/186886\/castellano.html\">https:\/\/www.elimparcial.es\/noticia\/186886\/castellano.html<\/a><\/p>\n","protected":false},"excerpt":{"rendered":"<p>El idioma espa\u00f1ol, que un d\u00eda sirviera para unir pueblos, hoy divide a los espa\u00f1oles. El Gobierno de Espa\u00f1a, que a trav\u00e9s del Instituto Cervantes defiende la difusi\u00f3n del castellano en todo el orbe, no sabe c\u00f3mo defenderlo en la naci\u00f3n. El PSOE menos a\u00fan. Ciudadanos s\u00ed parece tenerlo claro. Los independentistas catalanes arrinconan el [&hellip;]<\/p>\n","protected":false},"author":1,"featured_media":1193,"comment_status":"open","ping_status":"open","sticky":false,"template":"","format":"standard","meta":{"_crdt_document":"","om_disable_all_campaigns":false,"_monsterinsights_skip_tracking":false,"_monsterinsights_sitenote_active":false,"_monsterinsights_sitenote_note":"","_monsterinsights_sitenote_category":0,"_uf_show_specific_survey":0,"_uf_disable_surveys":false,"jetpack_post_was_ever_published":false,"_jetpack_newsletter_access":"","_jetpack_dont_email_post_to_subs":false,"_jetpack_newsletter_tier_id":0,"_jetpack_memberships_contains_paywalled_content":false,"_jetpack_memberships_contains_paid_content":false,"footnotes":"","jetpack_publicize_message":"","jetpack_publicize_feature_enabled":true,"jetpack_social_post_already_shared":false,"jetpack_social_options":{"image_generator_settings":{"template":"highway","default_image_id":0,"font":"","enabled":false},"version":2}},"categories":[21,9],"tags":[],"class_list":["post-1192","post","type-post","status-publish","format-standard","has-post-thumbnail","hentry","category-el-imparcial","category-hemeroteca-2"],"aioseo_notices":[],"jetpack_publicize_connections":[],"jetpack_featured_media_url":"https:\/\/i0.wp.com\/www.raulmayoral.es\/wp-content\/uploads\/2022\/08\/Castellano.jpg?fit=298%2C169&ssl=1","jetpack-related-posts":[],"jetpack_sharing_enabled":true,"_links":{"self":[{"href":"https:\/\/www.raulmayoral.es\/index.php\/wp-json\/wp\/v2\/posts\/1192","targetHints":{"allow":["GET"]}}],"collection":[{"href":"https:\/\/www.raulmayoral.es\/index.php\/wp-json\/wp\/v2\/posts"}],"about":[{"href":"https:\/\/www.raulmayoral.es\/index.php\/wp-json\/wp\/v2\/types\/post"}],"author":[{"embeddable":true,"href":"https:\/\/www.raulmayoral.es\/index.php\/wp-json\/wp\/v2\/users\/1"}],"replies":[{"embeddable":true,"href":"https:\/\/www.raulmayoral.es\/index.php\/wp-json\/wp\/v2\/comments?post=1192"}],"version-history":[{"count":1,"href":"https:\/\/www.raulmayoral.es\/index.php\/wp-json\/wp\/v2\/posts\/1192\/revisions"}],"predecessor-version":[{"id":1194,"href":"https:\/\/www.raulmayoral.es\/index.php\/wp-json\/wp\/v2\/posts\/1192\/revisions\/1194"}],"wp:featuredmedia":[{"embeddable":true,"href":"https:\/\/www.raulmayoral.es\/index.php\/wp-json\/wp\/v2\/media\/1193"}],"wp:attachment":[{"href":"https:\/\/www.raulmayoral.es\/index.php\/wp-json\/wp\/v2\/media?parent=1192"}],"wp:term":[{"taxonomy":"category","embeddable":true,"href":"https:\/\/www.raulmayoral.es\/index.php\/wp-json\/wp\/v2\/categories?post=1192"},{"taxonomy":"post_tag","embeddable":true,"href":"https:\/\/www.raulmayoral.es\/index.php\/wp-json\/wp\/v2\/tags?post=1192"}],"curies":[{"name":"wp","href":"https:\/\/api.w.org\/{rel}","templated":true}]}}