{"id":1199,"date":"2021-07-20T12:59:00","date_gmt":"2021-07-20T10:59:00","guid":{"rendered":"https:\/\/www.raulmayoral.es\/?p=1199"},"modified":"2022-08-20T13:04:45","modified_gmt":"2022-08-20T11:04:45","slug":"nacional-sandinismo","status":"publish","type":"post","link":"https:\/\/www.raulmayoral.es\/index.php\/2021\/07\/20\/nacional-sandinismo\/","title":{"rendered":"Nacional sandinismo"},"content":{"rendered":"\n<p class=\"wp-block-paragraph\">Inmediatamente despu\u00e9s de enterarse del incendio del Reichstag varios periodistas y corresponsales en Berl\u00edn se arremolinaron ante el edificio en llamas. Para sorpresa de ellos, <strong>Hitler<\/strong> ya estaba all\u00ed y premeditadamente les dirigi\u00f3 con af\u00e1n pretenciosamente solemne unas palabras: \u201cEsto es una advertencia divina y nadie nos impedir\u00e1 aplastar a los comunistas con mano de hierro. Ustedes son testigos de una nueva y grandiosa \u00e9poca de la historia alemana y este incendio es el principio\u201d.<\/p>\n\n\n\n<p class=\"wp-block-paragraph\">Una duda abrum\u00f3 a los reporteros all\u00ed congregados: \u00bfC\u00f3mo era posible que Hitler responsabilizara del incendio a los comunistas cuando s\u00f3lo hab\u00edan pasado veinte minutos desde que un transe\u00fante avistara el fuego dando aviso a la polic\u00eda? Despu\u00e9s, los redactores se enteraron de que <strong>Goering<\/strong>, presidente del Reichstag, nada m\u00e1s llegar ante el edificio ardiendo, orden\u00f3 a la polic\u00eda: \u201cRegistren r\u00e1pidamente el paso subterr\u00e1neo que desde mi palacio conduce al Reichstag\u201d. Y con exagerado ardor, como para ser o\u00eddo por todo el mundo, anunci\u00f3 a voz en grito: \u201cExiste la posibilidad de que elementos comunistas vistiendo el uniforme de las S.A. hayan penetrado en el edificio del Reichstag por ese paso subterr\u00e1neo con el criminal prop\u00f3sito de prender fuego al edificio\u201d. <strong>Willi Frischauer<\/strong>, enviado del rotativo vien\u00e9s\u00a0<em>Wiener Allgemeine Zeitung<\/em>, dijo a uno de sus colegas alemanes: \u00bfCree Goering que vamos a tragarnos semejante embuste? Los padres de Frischauer morir\u00edan a\u00f1os despu\u00e9s en el gueto de Theresienstadt. El pudo escapar a Inglaterra.<\/p>\n\n\n\n<p class=\"wp-block-paragraph\">Sin prender fuego al Parlamento una democracia puede sucumbir a manos del totalitarismo. De hecho, hay democracias que formalmente funcionan como tales pero materialmente son reg\u00edmenes dictatoriales que aplastan a sus opositores \u201ccon mano de hierro\u201d. Son las llamadas democracias&nbsp;<em>imperfectas<\/em>&nbsp;o&nbsp;<em>iliberales<\/em>, consecuencia de la desviaci\u00f3n totalitaria del sistema que conlleva una regresi\u00f3n al autoritarismo. Los primeros s\u00edntomas de esta patolog\u00eda son dif\u00edciles de apreciar pues la robustez y vitalidad del sistema pluralista y de los mecanismos de elecci\u00f3n parecen evidentes. Pero s\u00f3lo en apariencia porque el ciudadano vota pero no elige. La carcoma totalitaria va devorando, sutil pero severamente, los pilares del sistema. Los derechos y libertades se restringen por el poder con signos patentes de tutelaje y abuso. Se intimida y persigue a la oposici\u00f3n. El intervencionismo estatal se torna hegem\u00f3nico menguando el terreno de la sociedad civil. Se dinamita la independencia de los jueces y la prensa. Se silencia a la opini\u00f3n p\u00fablica y se enturbia la transparencia en la gobernaci\u00f3n de los asuntos generales.<\/p>\n\n\n\n<p class=\"wp-block-paragraph\">Como ocurriera en los inicios de la Alemania nazi, resulta crucial que el periodismo libre denuncie el secuestro de la democracia por pol\u00edticos totalitarios convertidos en dictadorzuelos. Varios pa\u00edses de la Am\u00e9rica espa\u00f1ola padecen democracias\u00a0<em>imperfectas<\/em>\u00a0o\u00a0<em>iliberales<\/em>, como Venezuela, Bolivia y Nicaragua que, bajo la apariencia democr\u00e1tica, amedrentan a la ciudadan\u00eda e impiden la libre competencia por el poder, rasgo esencial seg\u00fan <strong>Raymond Aron<\/strong>, que define una democracia al aceptar a la oposici\u00f3n y abrigar la tolerancia hacia el diferente. El caso nicarag\u00fcense resulta hoy muy preocupante. En las \u00faltimas semanas el sandinismo ha encarcelado a cuatro precandidatos opositores y dirigentes del empresariado y de la sociedad civil siguiendo el mismo m\u00e9todo que el nazismo emple\u00f3 para eliminar a la oposici\u00f3n comunista: el embuste, la falsificaci\u00f3n y la manipulaci\u00f3n.<\/p>\n\n\n\n<p class=\"wp-block-paragraph\">Quien fuera guerrillero fundador del Frente Sandinista de Liberaci\u00f3n Nacional, <strong>Tom\u00e1s Borge<\/strong>, y dirigente durante el Gobierno que sigui\u00f3 a la Revoluci\u00f3n de 1979, manifest\u00f3 antes de su muerte en 2012, con el sandinismo nuevamente en el poder tras el triunfo electoral de 2006: \u201cTodo puede pasar aqu\u00ed, menos que el Frente Sandinista pierda el poder. Me es inconcebible la posibilidad del retorno de la derecha en este pa\u00eds. Podemos pagar cualquier precio, lo \u00fanico que no podemos es perder el poder. Hagamos lo que tenemos que hacer. Habr\u00e1 Frente Sandinista hoy, ma\u00f1ana y siempre\u201d. Al igual que Hitler en Alemania hizo lo que ten\u00eda que hacer para intentar perpetuar con su nacional socialismo el \u201cimperio de los mil a\u00f1os\u201d, otros dictadores hispanoamericanos creyendo apadrinar \u201cnuevas y grandiosas \u00e9pocas\u201d, ambicionan su permanencia vitalicia en el poder abatiendo la democracia y ahogando la libertad.<\/p>\n\n\n\n<p class=\"wp-block-paragraph\">Art\u00edculo publicado por Ra\u00fal Mayoral Benito en el diario digital <em>El Imparcial<\/em> el 20 de junio de 2021. <a href=\"https:\/\/www.elimparcial.es\/noticia\/227353\/opinion\/nacional-sandinismo.html\">https:\/\/www.elimparcial.es\/noticia\/227353\/opinion\/nacional-sandinismo.html<\/a> <\/p>\n","protected":false},"excerpt":{"rendered":"<p>Inmediatamente despu\u00e9s de enterarse del incendio del Reichstag varios periodistas y corresponsales en Berl\u00edn se arremolinaron ante el edificio en llamas. Para sorpresa de ellos, Hitler ya estaba all\u00ed y premeditadamente les dirigi\u00f3 con af\u00e1n pretenciosamente solemne unas palabras: \u201cEsto es una advertencia divina y nadie nos impedir\u00e1 aplastar a los comunistas con mano de [&hellip;]<\/p>\n","protected":false},"author":1,"featured_media":1200,"comment_status":"open","ping_status":"open","sticky":false,"template":"","format":"standard","meta":{"_crdt_document":"","om_disable_all_campaigns":false,"_monsterinsights_skip_tracking":false,"_monsterinsights_sitenote_active":false,"_monsterinsights_sitenote_note":"","_monsterinsights_sitenote_category":0,"_uf_show_specific_survey":0,"_uf_disable_surveys":false,"jetpack_post_was_ever_published":false,"_jetpack_newsletter_access":"","_jetpack_dont_email_post_to_subs":false,"_jetpack_newsletter_tier_id":0,"_jetpack_memberships_contains_paywalled_content":false,"_jetpack_memberships_contains_paid_content":false,"footnotes":"","jetpack_publicize_message":"","jetpack_publicize_feature_enabled":true,"jetpack_social_post_already_shared":false,"jetpack_social_options":{"image_generator_settings":{"template":"highway","default_image_id":0,"font":"","enabled":false},"version":2}},"categories":[21,9],"tags":[],"class_list":["post-1199","post","type-post","status-publish","format-standard","has-post-thumbnail","hentry","category-el-imparcial","category-hemeroteca-2"],"aioseo_notices":[],"jetpack_publicize_connections":[],"jetpack_featured_media_url":"https:\/\/i0.wp.com\/www.raulmayoral.es\/wp-content\/uploads\/2022\/08\/Nacional-sandinismo.png?fit=1200%2C600&ssl=1","jetpack-related-posts":[],"jetpack_sharing_enabled":true,"_links":{"self":[{"href":"https:\/\/www.raulmayoral.es\/index.php\/wp-json\/wp\/v2\/posts\/1199","targetHints":{"allow":["GET"]}}],"collection":[{"href":"https:\/\/www.raulmayoral.es\/index.php\/wp-json\/wp\/v2\/posts"}],"about":[{"href":"https:\/\/www.raulmayoral.es\/index.php\/wp-json\/wp\/v2\/types\/post"}],"author":[{"embeddable":true,"href":"https:\/\/www.raulmayoral.es\/index.php\/wp-json\/wp\/v2\/users\/1"}],"replies":[{"embeddable":true,"href":"https:\/\/www.raulmayoral.es\/index.php\/wp-json\/wp\/v2\/comments?post=1199"}],"version-history":[{"count":1,"href":"https:\/\/www.raulmayoral.es\/index.php\/wp-json\/wp\/v2\/posts\/1199\/revisions"}],"predecessor-version":[{"id":1201,"href":"https:\/\/www.raulmayoral.es\/index.php\/wp-json\/wp\/v2\/posts\/1199\/revisions\/1201"}],"wp:featuredmedia":[{"embeddable":true,"href":"https:\/\/www.raulmayoral.es\/index.php\/wp-json\/wp\/v2\/media\/1200"}],"wp:attachment":[{"href":"https:\/\/www.raulmayoral.es\/index.php\/wp-json\/wp\/v2\/media?parent=1199"}],"wp:term":[{"taxonomy":"category","embeddable":true,"href":"https:\/\/www.raulmayoral.es\/index.php\/wp-json\/wp\/v2\/categories?post=1199"},{"taxonomy":"post_tag","embeddable":true,"href":"https:\/\/www.raulmayoral.es\/index.php\/wp-json\/wp\/v2\/tags?post=1199"}],"curies":[{"name":"wp","href":"https:\/\/api.w.org\/{rel}","templated":true}]}}