{"id":1212,"date":"2019-12-02T11:40:00","date_gmt":"2019-12-02T10:40:00","guid":{"rendered":"https:\/\/www.raulmayoral.es\/?p=1212"},"modified":"2022-08-24T11:50:33","modified_gmt":"2022-08-24T09:50:33","slug":"desgobernados-y-enfrentados","status":"publish","type":"post","link":"https:\/\/www.raulmayoral.es\/index.php\/2019\/12\/02\/desgobernados-y-enfrentados\/","title":{"rendered":"Desgobernados y enfrentados"},"content":{"rendered":"\n<p class=\"wp-block-paragraph\">Uno de los tertulianos que opinaban en la noche electoral sobre los resultados manifestaba que no se puede ignorar al 42% de catalanes independentistas; en cambio, propon\u00eda un cord\u00f3n sanitario contra los 3 millones y medio de espa\u00f1oles que han votado a VOX. Es una muestra m\u00e1s del doble rasero con que sectarios periodistas y pseudointelectuales con irrefrenable tendencia hacia la izquierda maltratan a un Partido pol\u00edtico que se declara constitucionalista y mon\u00e1rquico.<\/p>\n\n\n\n<p class=\"wp-block-paragraph\">Como semejante ejemplo, ha habido muchos m\u00e1s en los \u00faltimos d\u00edas. Si los insultos dirigidos a <strong>In\u00e9s Arrimadas<\/strong> cuando ejerc\u00eda su derecho al voto en Catalu\u00f1a se hubieran proferido contra un candidato de izquierdas, los autores habr\u00edan sido tachados de fascistas. Si la agresi\u00f3n sufrida por una militante de VOX se hubiera dirigido contra un seguidor izquierdista, se habr\u00eda declarado una alerta antifascista en todo el pa\u00eds. Como alerta fue el t\u00edtulo escogido en su editorial por un diario de tirada nacional para propalar el miedo, y quiz\u00e1s el odio, contra una extrema derecha representada por el partido de <strong>Abascal<\/strong>.<\/p>\n\n\n\n<p class=\"wp-block-paragraph\">Esa t\u00e1ctica del miedo ya se denunci\u00f3 por aqu\u00e9l maestro de liberales que fue Jean <strong>Fran\u00e7ois Revel<\/strong>. Durante la Guerra fr\u00eda, la URSS gast\u00f3 grandes cantidades de tiempo y recursos en airear el miedo de que el fascismo volver\u00eda a Europa. Al mismo tiempo, los sovi\u00e9ticos se erig\u00edan en zorros que guardaban el gallinero. La izquierda espa\u00f1ola es experta en infundir miedo ante un enemigo ficticio o inventado como es la ultraderecha. Esa ha sido la campa\u00f1a de <strong>S\u00e1nchez<\/strong> y de <strong>Iglesias<\/strong>. Tambi\u00e9n, de medios de comunicaci\u00f3n a su servicio. La ideolog\u00eda izquierdista jam\u00e1s ha sabido, jam\u00e1s ha querido contener esa radical inclinaci\u00f3n a emplear procedimientos m\u00e1s expeditivos que democr\u00e1ticos. Revel avis\u00f3, adem\u00e1s, del sinf\u00edn de r\u00e9moras de que adolece la izquierda: su sectarismo, su incapacidad para el juego limpio, su hipocres\u00eda demag\u00f3gica, ese oc\u00e9ano de paradojas, incoherencias y contradicciones en que se sumerge, evidenciando su devoci\u00f3n a la mentira y la manipulaci\u00f3n elevadas \u00e9stas a sistema de gobierno, de conducta y de victoria.<\/p>\n\n\n\n<p class=\"wp-block-paragraph\">Estas elecciones eran decisivas. Como lo fueron las celebradas en Italia en 1948. Cuando el comunismo avanzaba rampante hacia el centro de Europa, Italia par\u00f3 los pies a los comunistas otorgando una apabullante victoria electoral a la democracia cristiana. Ante aqu\u00e9l aluvi\u00f3n de votos, <strong>Piccioni<\/strong>, Secretario general del Partido Dem\u00f3crata Cristiano dijo:\u00a0<em>Quer\u00edamos que lloviese pero no que granizase.<\/em>\u00a0No ha sido as\u00ed en Espa\u00f1a, y aunque comunistas y socialistas han descendido en esca\u00f1os, la derecha no suma y en el horizonte persiste la silueta del gobierno\u00a0<em>Frankenstein<\/em>\u00a0contrahecho por un socialismo desleal con el r\u00e9gimen del 78, y el comunismo y la antipatria de siempre. Adem\u00e1s de <strong>Tezanos<\/strong>, la gran perdedora en estas elecciones ha sido la sociedad espa\u00f1ola, que enfrentada camina directa y velozmente hacia una triple crisis: econ\u00f3mica, de identidad nacional y moral. Y sin apenas l\u00edderes capaces de variar el fat\u00eddico rumbo.<\/p>\n\n\n\n<p class=\"wp-block-paragraph\">Art\u00edculo publicado por Ra\u00fal Mayoral Benito en el diario digital <em>El Imparcial<\/em> el 11 de noviembre de 2019.<a href=\"https:\/\/www.elimparcial.es\/noticia\/206835\/opinion\/desgobernados-y-enfrentados.html\">https:\/\/www.elimparcial.es\/noticia\/206835\/opinion\/desgobernados-y-enfrentados.html<\/a><\/p>\n\n\n\n<p class=\"wp-block-paragraph\">Fuente gr\u00e1fica: Diario <em>El Pa\u00eds<\/em><\/p>\n","protected":false},"excerpt":{"rendered":"<p>Uno de los tertulianos que opinaban en la noche electoral sobre los resultados manifestaba que no se puede ignorar al 42% de catalanes independentistas; en cambio, propon\u00eda un cord\u00f3n sanitario contra los 3 millones y medio de espa\u00f1oles que han votado a VOX. Es una muestra m\u00e1s del doble rasero con que sectarios periodistas y [&hellip;]<\/p>\n","protected":false},"author":1,"featured_media":1213,"comment_status":"open","ping_status":"open","sticky":false,"template":"","format":"standard","meta":{"_crdt_document":"","om_disable_all_campaigns":false,"_monsterinsights_skip_tracking":false,"_monsterinsights_sitenote_active":false,"_monsterinsights_sitenote_note":"","_monsterinsights_sitenote_category":0,"_uf_show_specific_survey":0,"_uf_disable_surveys":false,"jetpack_post_was_ever_published":false,"_jetpack_newsletter_access":"","_jetpack_dont_email_post_to_subs":false,"_jetpack_newsletter_tier_id":0,"_jetpack_memberships_contains_paywalled_content":false,"_jetpack_memberships_contains_paid_content":false,"footnotes":"","jetpack_publicize_message":"","jetpack_publicize_feature_enabled":true,"jetpack_social_post_already_shared":false,"jetpack_social_options":{"image_generator_settings":{"template":"highway","default_image_id":0,"font":"","enabled":false},"version":2}},"categories":[21,9],"tags":[],"class_list":["post-1212","post","type-post","status-publish","format-standard","has-post-thumbnail","hentry","category-el-imparcial","category-hemeroteca-2"],"aioseo_notices":[],"jetpack_publicize_connections":[],"jetpack_featured_media_url":"https:\/\/i0.wp.com\/www.raulmayoral.es\/wp-content\/uploads\/2022\/08\/Desgobernados-y-enfrentados.jpg?fit=980%2C980&ssl=1","jetpack-related-posts":[],"jetpack_sharing_enabled":true,"_links":{"self":[{"href":"https:\/\/www.raulmayoral.es\/index.php\/wp-json\/wp\/v2\/posts\/1212","targetHints":{"allow":["GET"]}}],"collection":[{"href":"https:\/\/www.raulmayoral.es\/index.php\/wp-json\/wp\/v2\/posts"}],"about":[{"href":"https:\/\/www.raulmayoral.es\/index.php\/wp-json\/wp\/v2\/types\/post"}],"author":[{"embeddable":true,"href":"https:\/\/www.raulmayoral.es\/index.php\/wp-json\/wp\/v2\/users\/1"}],"replies":[{"embeddable":true,"href":"https:\/\/www.raulmayoral.es\/index.php\/wp-json\/wp\/v2\/comments?post=1212"}],"version-history":[{"count":1,"href":"https:\/\/www.raulmayoral.es\/index.php\/wp-json\/wp\/v2\/posts\/1212\/revisions"}],"predecessor-version":[{"id":1214,"href":"https:\/\/www.raulmayoral.es\/index.php\/wp-json\/wp\/v2\/posts\/1212\/revisions\/1214"}],"wp:featuredmedia":[{"embeddable":true,"href":"https:\/\/www.raulmayoral.es\/index.php\/wp-json\/wp\/v2\/media\/1213"}],"wp:attachment":[{"href":"https:\/\/www.raulmayoral.es\/index.php\/wp-json\/wp\/v2\/media?parent=1212"}],"wp:term":[{"taxonomy":"category","embeddable":true,"href":"https:\/\/www.raulmayoral.es\/index.php\/wp-json\/wp\/v2\/categories?post=1212"},{"taxonomy":"post_tag","embeddable":true,"href":"https:\/\/www.raulmayoral.es\/index.php\/wp-json\/wp\/v2\/tags?post=1212"}],"curies":[{"name":"wp","href":"https:\/\/api.w.org\/{rel}","templated":true}]}}