{"id":1249,"date":"2019-01-10T11:02:00","date_gmt":"2019-01-10T10:02:00","guid":{"rendered":"https:\/\/www.raulmayoral.es\/?p=1249"},"modified":"2022-09-13T11:10:23","modified_gmt":"2022-09-13T09:10:23","slug":"gramsci-o-el-control-de-la-educacion","status":"publish","type":"post","link":"https:\/\/www.raulmayoral.es\/index.php\/2019\/01\/10\/gramsci-o-el-control-de-la-educacion\/","title":{"rendered":"Gramsci o el control de la educaci\u00f3n"},"content":{"rendered":"\n<p class=\"wp-block-paragraph\">Desde que se empezara a tramitar la futura Ley de Educaci\u00f3n, los pol\u00edticos centraron sus controversias en lo que no debiera ser controvertido: ense\u00f1anza concertada, religi\u00f3n en las aulas, castellano como lengua vehicular, distribuci\u00f3n competencial entre Estado y Comunidades Aut\u00f3nomas o derecho de los padres a la educaci\u00f3n de sus hijos. Se tiene la impresi\u00f3n de que cuestiones m\u00e1s prioritarias, como reducir los altos \u00edndices de fracaso escolar que presenta nuestro sistema educativo, pasan a un segundo plano.<\/p>\n\n\n\n<p class=\"wp-block-paragraph\">Para echar m\u00e1s gasolina al fuego de los encendidos debates sobre la misi\u00f3n de la educaci\u00f3n, el Gobierno pretende imponer la presencia de un representante del poder municipal en los Consejos escolares p\u00fablicos y concertados. Pinta lo mismo que un perro en misa. \u201cAyuntamiento de maestros y escolares con voluntad y entendimiento de aprender los saberes\u201d, as\u00ed defini\u00f3 el rey Sabio <strong>Alfonso X<\/strong> a la Universidad en <em>Las Siete Partidas<\/em>. En la escuela, a los anteriores, s\u00famese a los padres de los alumnos, pero \u00bfpor qu\u00e9 un representante del Estado? Resabio de rancio estatalismo que recuerda a la otrora <em>acci\u00f3n de oro<\/em>\u00a0del Estado en las empresas privatizadas, resisti\u00e9ndose a la desaparici\u00f3n de sus monopolios. Con el agravante de la presi\u00f3n, cuando no odio, que la ideolog\u00eda siempre inyecta en \u00e1mbitos que deben respirar una atm\u00f3sfera de libertad como es el educativo.<\/p>\n\n\n\n<p class=\"wp-block-paragraph\">La educaci\u00f3n es un derecho. No un servicio p\u00fabico. S\u00ed es un servicio p\u00fablico la obligaci\u00f3n del Estado de garantizar la igualdad de todos los ciudadanos en el acceso a la instrucci\u00f3n. Si la primera tarea de un legislador es garantizar las libertades en materia educativa, el primer derecho\/deber de la unidad familiar es la educaci\u00f3n de sus miembros. El derecho a educar corresponde a la familia, a los padres. No es predicable del Estado. Lo enuncian la Constituci\u00f3n espa\u00f1ola de 1978 y la Declaraci\u00f3n Universal de los Derechos Humanos de 1948. Tambi\u00e9n es exigencia de Derecho natural. Si las Administraciones p\u00fablicas adoptaran en materia de ense\u00f1anza una posici\u00f3n subsidiaria respecto a la sociedad civil, la educaci\u00f3n dejar\u00eda de ser campo de batalla ideol\u00f3gica, prolijo cap\u00edtulo en los programas electorales de los partidos y aciago resorte de control e intervenci\u00f3n en manos del poder p\u00fablico, para pasar a ser lo que realmente es: una funci\u00f3n social, familiar, nunca estatal. Por ello, la ense\u00f1anza es una prioridad de cada una de las familias, de cada uno de los padres.<\/p>\n\n\n\n<p class=\"wp-block-paragraph\">Un s\u00f3lido sistema educativo debe estar al margen de visiones partidistas. La formaci\u00f3n de hombres de porvenir ha de permanecer a cubierto de los delirios ideol\u00f3gicos con los riesgos que entra\u00f1an: adoctrinamiento, contenidos sesgados o manipulaci\u00f3n de la realidad que tan funestos y tr\u00e1gicos perjuicios han causado a la humanidad. Inevitablemente, toda la vida humana es tanto m\u00e1s insegura e incierta cuanto m\u00e1s se la hace depender de los caprichos de la pugna pol\u00edtica. Quienes en nombre del progreso propugnan una creciente intervenci\u00f3n del Estado en la vida p\u00fablica est\u00e1n consiguiendo ciertamente que nadie tenga la menor sensaci\u00f3n de seguridad. Si se destruye dicha sensaci\u00f3n se destruye tambi\u00e9n la vida del propio individuo y en mayor grado la de la familia.<\/p>\n\n\n\n<p class=\"wp-block-paragraph\">Advirti\u00f3 el soci\u00f3logo <strong>Pierre Bourdieu<\/strong> que la escuela no puede ser una reproducci\u00f3n de las creencias de la clase que ostenta el poder porque entonces se convierte en un foco de filias y de fobias. Y lo que es m\u00e1s grave, se vulnera el derecho de los padres a dar a sus hijos una educaci\u00f3n acorde con sus creencias. No se puede prescindir de la familia en la educaci\u00f3n de los hijos, sino debe potenciarse el acercamiento de los padres a la vida de los centros. No resulta razonable una escuela regida por la costumbre de separar al individuo de la familia, al contrario, debe concebirse como una cierta prolongaci\u00f3n del hogar. En ning\u00fan caso ha de ser una instituci\u00f3n estatal en donde los ni\u00f1os no son instruidos por representantes de los padres y en lo que los padres quieren que sean instruidos, sino por agentes del Estado, verdaderos comisarios pol\u00edticos que se inmiscuyen en las conciencias de los escolares para ense\u00f1arles lo que al Estado interesa, haciendo de ellos ciudadanos manejables y simples trabajadores productivos. Pura vuelta a <strong>Gramsci<\/strong>.<\/p>\n\n\n\n<p class=\"wp-block-paragraph\">Art\u00edculo publicado por Ra\u00fal Mayoral Benito en el diario digital <em>El Debate de Hoy<\/em> el 17 de noviembre de 2018. <a href=\"https:\/\/eldebatedehoy.eldebate.com\/autor\/raul-mayoral\/\">https:\/\/eldebatedehoy.eldebate.com\/autor\/raul-mayoral\/<\/a><\/p>\n","protected":false},"excerpt":{"rendered":"<p>Desde que se empezara a tramitar la futura Ley de Educaci\u00f3n, los pol\u00edticos centraron sus controversias en lo que no debiera ser controvertido: ense\u00f1anza concertada, religi\u00f3n en las aulas, castellano como lengua vehicular, distribuci\u00f3n competencial entre Estado y Comunidades Aut\u00f3nomas o derecho de los padres a la educaci\u00f3n de sus hijos. Se tiene la impresi\u00f3n [&hellip;]<\/p>\n","protected":false},"author":1,"featured_media":1250,"comment_status":"open","ping_status":"open","sticky":false,"template":"","format":"standard","meta":{"_crdt_document":"","om_disable_all_campaigns":false,"_monsterinsights_skip_tracking":false,"_monsterinsights_sitenote_active":false,"_monsterinsights_sitenote_note":"","_monsterinsights_sitenote_category":0,"_uf_show_specific_survey":0,"_uf_disable_surveys":false,"jetpack_post_was_ever_published":false,"_jetpack_newsletter_access":"","_jetpack_dont_email_post_to_subs":false,"_jetpack_newsletter_tier_id":0,"_jetpack_memberships_contains_paywalled_content":false,"_jetpack_memberships_contains_paid_content":false,"footnotes":"","jetpack_publicize_message":"","jetpack_publicize_feature_enabled":true,"jetpack_social_post_already_shared":false,"jetpack_social_options":{"image_generator_settings":{"template":"highway","default_image_id":0,"font":"","enabled":false},"version":2}},"categories":[11],"tags":[],"class_list":["post-1249","post","type-post","status-publish","format-standard","has-post-thumbnail","hentry","category-educacion"],"aioseo_notices":[],"jetpack_publicize_connections":[],"jetpack_featured_media_url":"https:\/\/i0.wp.com\/www.raulmayoral.es\/wp-content\/uploads\/2022\/09\/Gramsci-o-el-control-de-la-educacion.jpg?fit=850%2C624&ssl=1","jetpack-related-posts":[],"jetpack_sharing_enabled":true,"_links":{"self":[{"href":"https:\/\/www.raulmayoral.es\/index.php\/wp-json\/wp\/v2\/posts\/1249","targetHints":{"allow":["GET"]}}],"collection":[{"href":"https:\/\/www.raulmayoral.es\/index.php\/wp-json\/wp\/v2\/posts"}],"about":[{"href":"https:\/\/www.raulmayoral.es\/index.php\/wp-json\/wp\/v2\/types\/post"}],"author":[{"embeddable":true,"href":"https:\/\/www.raulmayoral.es\/index.php\/wp-json\/wp\/v2\/users\/1"}],"replies":[{"embeddable":true,"href":"https:\/\/www.raulmayoral.es\/index.php\/wp-json\/wp\/v2\/comments?post=1249"}],"version-history":[{"count":1,"href":"https:\/\/www.raulmayoral.es\/index.php\/wp-json\/wp\/v2\/posts\/1249\/revisions"}],"predecessor-version":[{"id":1251,"href":"https:\/\/www.raulmayoral.es\/index.php\/wp-json\/wp\/v2\/posts\/1249\/revisions\/1251"}],"wp:featuredmedia":[{"embeddable":true,"href":"https:\/\/www.raulmayoral.es\/index.php\/wp-json\/wp\/v2\/media\/1250"}],"wp:attachment":[{"href":"https:\/\/www.raulmayoral.es\/index.php\/wp-json\/wp\/v2\/media?parent=1249"}],"wp:term":[{"taxonomy":"category","embeddable":true,"href":"https:\/\/www.raulmayoral.es\/index.php\/wp-json\/wp\/v2\/categories?post=1249"},{"taxonomy":"post_tag","embeddable":true,"href":"https:\/\/www.raulmayoral.es\/index.php\/wp-json\/wp\/v2\/tags?post=1249"}],"curies":[{"name":"wp","href":"https:\/\/api.w.org\/{rel}","templated":true}]}}