{"id":1252,"date":"2019-01-15T09:37:00","date_gmt":"2019-01-15T08:37:00","guid":{"rendered":"https:\/\/www.raulmayoral.es\/?p=1252"},"modified":"2022-09-15T09:44:06","modified_gmt":"2022-09-15T07:44:06","slug":"sequia","status":"publish","type":"post","link":"https:\/\/www.raulmayoral.es\/index.php\/2019\/01\/15\/sequia\/","title":{"rendered":"Sequ\u00eda"},"content":{"rendered":"\n<p class=\"wp-block-paragraph\">Problema acuciante en la Espa\u00f1a de hoy es la sequ\u00eda. De agua, pero tambi\u00e9n de educaci\u00f3n, de moral, de <em>seny<\/em>, incluso, de goles. En el Metropolitano, a los te\u00f3ricos goleadores del <em>derby<\/em>&nbsp;les mir\u00f3 un tuerto anticicl\u00f3n y permanecieron en las nubes sin mojar. La falta de lluvias y las altaneras temperaturas est\u00e1n provocando una disminuci\u00f3n de los embalses, tanto franquistas como blancos. Aqu\u00e9llos, producto de la dictadura y sus tecn\u00f3cratas; los segundos, fruto de la nieve acumulada en la cima de las monta\u00f1as. Y ese gran ladr\u00f3n del agua embalsada que es la evaporaci\u00f3n, se est\u00e1 llevando la mitad o m\u00e1s del agua que los embalses reciben de los r\u00edos.<\/p>\n\n\n\n<p class=\"wp-block-paragraph\">La evaporaci\u00f3n es al agua, lo que la corrupci\u00f3n a las buenas costumbres, el adoctrinamiento a la escuela, el nacionalismo a la convivencia o el tembleque de piernas al <em>pichichi<\/em>. Todos son factores disolventes y destructivos que impiden que fecundas y limpias obras logren fines profundos y duraderos. Bien sabe el monta\u00f1ero que la profundidad en los r\u00edos limpios de la cordillera se disimula por la transparencia. Lo cristalino, como espejo de virtudes, siempre ha resultado y resultar\u00e1 incompatible con las aguas turbias, con la podredumbre, con la manipulaci\u00f3n de la historia, con las mentiras del <em>proc\u00e9s<\/em>&nbsp;y con el juego subterr\u00e1neo, eufemismo del sucio.<\/p>\n\n\n\n<p class=\"wp-block-paragraph\">Contin\u00faa la pertinaz sequ\u00eda de sensatez y concordia entre los partidarios de la secesi\u00f3n catalana. El terreno sigue acarton\u00e1ndose y agriet\u00e1ndose con la escalada de estupideces y falsedades. <strong>Marta Rovira<\/strong>, la zombi del proc\u00e9s, nos enga\u00f1a con sus ataques soeces e inculpaciones calumniosas de muertos y sangre. <strong>Nuria de Gisbert<\/strong>, con un rostro tan duro y lucido como los de B\u00e9lmez, brama excluyente y faltona contra <strong>In\u00e9s Arrimadas<\/strong>, una nueva <strong>Agustina de Arag\u00f3n<\/strong> para la \u00e9pica espa\u00f1ola y constitucional. <strong>Artur M\u00e1s<\/strong>, que ahora insiste en comulgar con la legalidad al comprobar que peligra su bolsillo. <strong>Gabriel Rufi\u00e1n<\/strong>, que aplicado con esmero a diplomarse en una doble titulaci\u00f3n: comisario sovi\u00e9tico y carcelero de Gulag, amenaza con lo que m\u00e1s le fascina, los grilletes. Y <strong>Junqueras<\/strong>, recluido en sus paganas adoraciones nacionalistas se confiesa cat\u00f3lico, apost\u00f3lico y orante. No romano, por ser adjetivo tan universal y de aspiraci\u00f3n ecum\u00e9nica, que no encaja en esas religiones que confunden su extensi\u00f3n con la de los l\u00edmites pol\u00edticos e ideol\u00f3gicos nacionales. Herej\u00edas perturbadoras de las almas con sinuosos errores y falta de vida profunda.<\/p>\n\n\n\n<p class=\"wp-block-paragraph\">La Espa\u00f1a de p\u00e1ramos y pedregales, la de un sol de justicia proyectando un alba de esperanzas pide agua. Si <strong>Goethe<\/strong> muri\u00f3 exclamando \u201cluz, m\u00e1s luz\u201d, el espa\u00f1ol actual gime gritando \u201cagua, m\u00e1s agua\u201d. Al cabo de veintisiete siglos volvemos a expresar en renovada forma la idea de <strong>Tales de Mileto<\/strong> de que todo lo creado est\u00e1 basado en el agua. Incluida Espa\u00f1a.<\/p>\n\n\n\n<p class=\"wp-block-paragraph\">Art\u00edculo publicado por Ra\u00fal Mayoral Benito en el diario digital <em>El Imparcial <\/em>el 19 de noviembre de 2017. <a href=\"https:\/\/www.elimparcial.es\/noticia\/183808\/opinion\/sequia.html\">https:\/\/www.elimparcial.es\/noticia\/183808\/opinion\/sequia.html<\/a><\/p>\n","protected":false},"excerpt":{"rendered":"<p>Problema acuciante en la Espa\u00f1a de hoy es la sequ\u00eda. De agua, pero tambi\u00e9n de educaci\u00f3n, de moral, de seny, incluso, de goles. En el Metropolitano, a los te\u00f3ricos goleadores del derby&nbsp;les mir\u00f3 un tuerto anticicl\u00f3n y permanecieron en las nubes sin mojar. La falta de lluvias y las altaneras temperaturas est\u00e1n provocando una disminuci\u00f3n [&hellip;]<\/p>\n","protected":false},"author":1,"featured_media":1253,"comment_status":"open","ping_status":"open","sticky":false,"template":"","format":"standard","meta":{"_crdt_document":"","om_disable_all_campaigns":false,"_monsterinsights_skip_tracking":false,"_monsterinsights_sitenote_active":false,"_monsterinsights_sitenote_note":"","_monsterinsights_sitenote_category":0,"_uf_show_specific_survey":0,"_uf_disable_surveys":false,"jetpack_post_was_ever_published":false,"_jetpack_newsletter_access":"","_jetpack_dont_email_post_to_subs":false,"_jetpack_newsletter_tier_id":0,"_jetpack_memberships_contains_paywalled_content":false,"_jetpack_memberships_contains_paid_content":false,"footnotes":"","jetpack_publicize_message":"","jetpack_publicize_feature_enabled":true,"jetpack_social_post_already_shared":false,"jetpack_social_options":{"image_generator_settings":{"template":"highway","default_image_id":0,"font":"","enabled":false},"version":2}},"categories":[21,9],"tags":[],"class_list":["post-1252","post","type-post","status-publish","format-standard","has-post-thumbnail","hentry","category-el-imparcial","category-hemeroteca-2"],"aioseo_notices":[],"jetpack_publicize_connections":[],"jetpack_featured_media_url":"https:\/\/i0.wp.com\/www.raulmayoral.es\/wp-content\/uploads\/2022\/09\/Sequia.jpg?fit=268%2C188&ssl=1","jetpack-related-posts":[],"jetpack_sharing_enabled":true,"_links":{"self":[{"href":"https:\/\/www.raulmayoral.es\/index.php\/wp-json\/wp\/v2\/posts\/1252","targetHints":{"allow":["GET"]}}],"collection":[{"href":"https:\/\/www.raulmayoral.es\/index.php\/wp-json\/wp\/v2\/posts"}],"about":[{"href":"https:\/\/www.raulmayoral.es\/index.php\/wp-json\/wp\/v2\/types\/post"}],"author":[{"embeddable":true,"href":"https:\/\/www.raulmayoral.es\/index.php\/wp-json\/wp\/v2\/users\/1"}],"replies":[{"embeddable":true,"href":"https:\/\/www.raulmayoral.es\/index.php\/wp-json\/wp\/v2\/comments?post=1252"}],"version-history":[{"count":1,"href":"https:\/\/www.raulmayoral.es\/index.php\/wp-json\/wp\/v2\/posts\/1252\/revisions"}],"predecessor-version":[{"id":1254,"href":"https:\/\/www.raulmayoral.es\/index.php\/wp-json\/wp\/v2\/posts\/1252\/revisions\/1254"}],"wp:featuredmedia":[{"embeddable":true,"href":"https:\/\/www.raulmayoral.es\/index.php\/wp-json\/wp\/v2\/media\/1253"}],"wp:attachment":[{"href":"https:\/\/www.raulmayoral.es\/index.php\/wp-json\/wp\/v2\/media?parent=1252"}],"wp:term":[{"taxonomy":"category","embeddable":true,"href":"https:\/\/www.raulmayoral.es\/index.php\/wp-json\/wp\/v2\/categories?post=1252"},{"taxonomy":"post_tag","embeddable":true,"href":"https:\/\/www.raulmayoral.es\/index.php\/wp-json\/wp\/v2\/tags?post=1252"}],"curies":[{"name":"wp","href":"https:\/\/api.w.org\/{rel}","templated":true}]}}