{"id":1259,"date":"2020-12-01T09:17:00","date_gmt":"2020-12-01T08:17:00","guid":{"rendered":"https:\/\/www.raulmayoral.es\/?p=1259"},"modified":"2022-09-21T09:24:05","modified_gmt":"2022-09-21T07:24:05","slug":"de-madrid-al-cielo","status":"publish","type":"post","link":"https:\/\/www.raulmayoral.es\/index.php\/2020\/12\/01\/de-madrid-al-cielo\/","title":{"rendered":"De Madrid al cielo"},"content":{"rendered":"\n<p class=\"wp-block-paragraph\">Un tipo achulado, proclive a las vulgaridades demag\u00f3gicas propias de cualquier agitador encaramado en una tribuna, se ha cre\u00eddo que Madrid es un para\u00edso fiscal. Se propone asaltarlo a navaja tributaria, instrumental propio del pendenciero. Como el chiquillo del\u00a0<em>esquilaor<\/em>, que solo acude al reba\u00f1o a comerse su porci\u00f3n y la de los dem\u00e1s, viene este judas a Madrid a embolsarse monedas y morder la mano que le da de comer. Debi\u00f3, no sabe donde, o\u00edr las campanas de aquella famosa consigna de <strong>Silvela<\/strong>, \u201cMadrid, en verano, con dinero y sin estrenos, Baden-Baden\u201d que confirm\u00f3 el verso de <strong>Qui\u00f1ones de Benavente<\/strong>, \u201cY desde Madrid al Cielo\u201d. Y ha confundido la capital con un para\u00edso. Lo mismo grava a Madrid empe\u00f1ado en que tiene playa.<\/p>\n\n\n\n<p class=\"wp-block-paragraph\">Fue tambi\u00e9n Barcelona un para\u00edso donde moraba el dios <strong>Maradona<\/strong>, que ha muerto, seg\u00fan dec\u00eda el maestro <strong>Ruano<\/strong>, como se mueren todos los hombres, \u201cporque Dios se cansa de que vivan y para vivir eternamente\u201d. En Barcelona vive hoy otro dios, <strong>Messi<\/strong>, que lleg\u00f3 al Nou Camp llovido del cielo, pero harto de la tabarra separatista del\u00a0<em>mes que un club,\u00a0<\/em>ya pasea por las Ramblas con su malestar a cielo abierto. Remover\u00e1 cielo y tierra para marcharse con carta de libertad a vivir \u00e9sta a otra parte, asestando una patada en pleno cielo de la boca al cansino separatismo cul\u00e9.<\/p>\n\n\n\n<p class=\"wp-block-paragraph\">Desde que los rojos se llevaron a Mosc\u00fa el oro del\u00a0<em>BancoEspa\u00f1a<\/em>, no era Madrid tan preciado. Aun queda el tesoro del estanque del Retiro, un sinf\u00edn de monedas esparcidas por propios y extra\u00f1os. \u201cMadrid, rompeolas de las Espa\u00f1as\u201d, cantaba <strong>Machado<\/strong>. Ese sadismo ideol\u00f3gico que hoy desgobierna Espa\u00f1a persigue anegarlo bajo la ola del intervencionismo colectivista impidiendo que prospere y progrese. Raro es que los ap\u00f3stoles del federalismo se conviertan ahora al centralismo fiscal. Pero sumando su odio al colectivismo, se comprende su obsesi\u00f3n tan enfermiza por cortarle las alas a Madrid en lugar de intentar que Catalu\u00f1a las tuviera iguales o mejores.<\/p>\n\n\n\n<p class=\"wp-block-paragraph\">Empieza Madrid a parecerse a aqu\u00e9l Berl\u00edn Occidental, al que llegaban muchos alemanes del lado Oriental huyendo del comunismo y en busca de libertad y mejor vida. A Madrid han llegado, siguen llegando y llegar\u00e1n familias, empresas y negocios, huyendo de pol\u00edticas sectarias y disparatadas. En Madrid ven el cielo abierto de una mejor fiscalidad, mejores servicios p\u00fablicos y una convivencia m\u00e1s pac\u00edfica. En suma, un proyecto, tanto regional como municipal, m\u00e1s estable y eficaz para el progreso y la prosperidad. Y gracias a su alcalde, las luces de Navidad\u00a0<em>espa\u00f1olean<\/em>\u00a0por Madrid. Cuando arreciaban los duros d\u00edas del bloqueo, el que fuera alcalde de Berl\u00edn, <strong>Ernst Reuter<\/strong>, dej\u00f3 dichas estas perdurables palabras: \u201cAqu\u00ed en Berl\u00edn, nadie necesita de lecciones acad\u00e9micas sobre la democracia, la libertad y tantas otras cosas bellas que hay en el mundo. Aqu\u00ed cada uno vive todo eso, lo vive cada d\u00eda y cada hora\u201d. Quiera Dios que Madrid no reedite estas palabras.<\/p>\n\n\n\n<p class=\"wp-block-paragraph\">Art\u00edculo publicado por Ra\u00fal Mayoral Benito en el diario digital <em>El Imparcial<\/em> el 29 de noviembre de 2020. <a href=\"https:\/\/www.elimparcial.es\/noticia\/219391\/opinion\/de-madrid-al-cielo.html\">https:\/\/www.elimparcial.es\/noticia\/219391\/opinion\/de-madrid-al-cielo.html<\/a><\/p>\n","protected":false},"excerpt":{"rendered":"<p>Un tipo achulado, proclive a las vulgaridades demag\u00f3gicas propias de cualquier agitador encaramado en una tribuna, se ha cre\u00eddo que Madrid es un para\u00edso fiscal. Se propone asaltarlo a navaja tributaria, instrumental propio del pendenciero. Como el chiquillo del\u00a0esquilaor, que solo acude al reba\u00f1o a comerse su porci\u00f3n y la de los dem\u00e1s, viene este [&hellip;]<\/p>\n","protected":false},"author":1,"featured_media":1260,"comment_status":"open","ping_status":"open","sticky":false,"template":"","format":"standard","meta":{"_crdt_document":"","om_disable_all_campaigns":false,"_monsterinsights_skip_tracking":false,"_monsterinsights_sitenote_active":false,"_monsterinsights_sitenote_note":"","_monsterinsights_sitenote_category":0,"_uf_show_specific_survey":0,"_uf_disable_surveys":false,"jetpack_post_was_ever_published":false,"_jetpack_newsletter_access":"","_jetpack_dont_email_post_to_subs":false,"_jetpack_newsletter_tier_id":0,"_jetpack_memberships_contains_paywalled_content":false,"_jetpack_memberships_contains_paid_content":false,"footnotes":"","jetpack_publicize_message":"","jetpack_publicize_feature_enabled":true,"jetpack_social_post_already_shared":false,"jetpack_social_options":{"image_generator_settings":{"template":"highway","default_image_id":0,"font":"","enabled":false},"version":2}},"categories":[21,9],"tags":[],"class_list":["post-1259","post","type-post","status-publish","format-standard","has-post-thumbnail","hentry","category-el-imparcial","category-hemeroteca-2"],"aioseo_notices":[],"jetpack_publicize_connections":[],"jetpack_featured_media_url":"https:\/\/i0.wp.com\/www.raulmayoral.es\/wp-content\/uploads\/2022\/09\/De-Madrid-al-cielo.jpg?fit=1200%2C630&ssl=1","jetpack-related-posts":[],"jetpack_sharing_enabled":true,"_links":{"self":[{"href":"https:\/\/www.raulmayoral.es\/index.php\/wp-json\/wp\/v2\/posts\/1259","targetHints":{"allow":["GET"]}}],"collection":[{"href":"https:\/\/www.raulmayoral.es\/index.php\/wp-json\/wp\/v2\/posts"}],"about":[{"href":"https:\/\/www.raulmayoral.es\/index.php\/wp-json\/wp\/v2\/types\/post"}],"author":[{"embeddable":true,"href":"https:\/\/www.raulmayoral.es\/index.php\/wp-json\/wp\/v2\/users\/1"}],"replies":[{"embeddable":true,"href":"https:\/\/www.raulmayoral.es\/index.php\/wp-json\/wp\/v2\/comments?post=1259"}],"version-history":[{"count":1,"href":"https:\/\/www.raulmayoral.es\/index.php\/wp-json\/wp\/v2\/posts\/1259\/revisions"}],"predecessor-version":[{"id":1261,"href":"https:\/\/www.raulmayoral.es\/index.php\/wp-json\/wp\/v2\/posts\/1259\/revisions\/1261"}],"wp:featuredmedia":[{"embeddable":true,"href":"https:\/\/www.raulmayoral.es\/index.php\/wp-json\/wp\/v2\/media\/1260"}],"wp:attachment":[{"href":"https:\/\/www.raulmayoral.es\/index.php\/wp-json\/wp\/v2\/media?parent=1259"}],"wp:term":[{"taxonomy":"category","embeddable":true,"href":"https:\/\/www.raulmayoral.es\/index.php\/wp-json\/wp\/v2\/categories?post=1259"},{"taxonomy":"post_tag","embeddable":true,"href":"https:\/\/www.raulmayoral.es\/index.php\/wp-json\/wp\/v2\/tags?post=1259"}],"curies":[{"name":"wp","href":"https:\/\/api.w.org\/{rel}","templated":true}]}}