{"id":1350,"date":"2019-11-09T12:57:00","date_gmt":"2019-11-09T11:57:00","guid":{"rendered":"https:\/\/www.raulmayoral.es\/?p=1350"},"modified":"2022-11-09T13:19:58","modified_gmt":"2022-11-09T12:19:58","slug":"referendums","status":"publish","type":"post","link":"https:\/\/www.raulmayoral.es\/index.php\/2019\/11\/09\/referendums\/","title":{"rendered":"Refer\u00e9ndums"},"content":{"rendered":"\n<p class=\"wp-block-paragraph\">Como las finales en f\u00fatbol, los refer\u00e9ndums en pol\u00edtica se convocan para ganarlos. Si no, como dir\u00eda <strong>Jos\u00e9 Mota<\/strong>,\u00a0<em>convocarlos pa na, es tonter\u00eda<\/em>, adem\u00e1s de una p\u00e9rdida de tiempo y dinero. En la ENA debiera ense\u00f1arse a quienes aspiran a ser\u00a0<em>enarcas<\/em>\u00a0lo que no debe hacerse si se quiere ganar un refer\u00e9ndum analizando los casos del brit\u00e1nico <strong>Cameron<\/strong>, del colombiano <strong>Santos <\/strong>y del h\u00fangaro <strong>Orban<\/strong>. Tambi\u00e9n ha de explicarse el caso <strong>De Gaulle <\/strong>si lo que se persigue es perder la consulta. Si lo que se pretende es ganarla hay que aplicar el m\u00e9todo de <strong>Franco<\/strong>, que no perdi\u00f3 ning\u00fan refer\u00e9ndum. De \u00e9l ya contaban los rife\u00f1os que ten\u00eda\u00a0<em>baraka<\/em>, cosa que parece estar perdiendo <strong>Zidane<\/strong>, que con m\u00e1s ocasiones que el rival, acaba los partidos en empate t\u00e9cnico. Franco, sin ni siquiera ser candidato, lleg\u00f3 a jefe de los sublevados tras los accidentes mortales de <strong>Sanjurjo <\/strong>y <strong>Mola<\/strong>, y como no se met\u00eda en pol\u00edtica pudo estar cuarenta a\u00f1os en el poder. Cimentaba su victoria creando el ambiente propicio para la consulta. Los que voten s\u00ed, al Ayuntamiento; y los que voten no, al cuartel de la Guardia Civil. Quienes acud\u00edan al cuartelillo luego justificaban su voto negativo gritando \u00a1Que Franco no se vaya! Todos tan contentos y la jornada transcurr\u00eda tranquila y sin incidentes como en una democracia avanzada. El apoyo a la consulta, o sea, al r\u00e9gimen, en suma, a Franco sol\u00eda ser del 99\u00b49% de los sufragios. Con el tiempo, la v\u00eda espa\u00f1ola del refer\u00e9ndum sigui\u00f3 dando triunfos como el de <strong>Felipe Gonz\u00e1lez<\/strong> y su consulta sobre la entrada en la OTAN. Aquella pregunta era m\u00e1s f\u00e1cil contestarla que comprenderla. Hasta <strong>Manuel Fraga <\/strong>dud\u00f3 en el momento de rellenar la papeleta. Con la papeleta y la pataleta andan algunos catalanes, que amenazan con un refer\u00e9ndum para la desconexi\u00f3n. Nada serio porque siguen sin querer afrontar la cuesti\u00f3n nuclear, \u00bfcontra qu\u00e9 equipos jugar\u00e1 el Bar\u00e7a si hay independencia? No se puede condenar a las estrellas azulgranas del balompi\u00e9 a jugar ante el Manlleu, la Pobla de Mafumet o el Palam\u00f3s. Queda, adem\u00e1s, el fleco del Valle de Ar\u00e1n, que puede pedir tambi\u00e9n su desconexi\u00f3n de Catalu\u00f1a. Se ve que hay falta de unanimidad.<\/p>\n\n\n\n<p class=\"wp-block-paragraph\"><strong>Salvador de Madariaga <\/strong>en\u00a0<em>Bosquejo de Europa<\/em>\u00a0dice que el espa\u00f1ol ha sido siempre rebelde a la unanimidad. Narra el caso del republicano exiliado en M\u00e9jico tras la guerra civil que con el paso del tiempo lleg\u00f3 a concejal del municipio que le hab\u00eda acogido. En una sesi\u00f3n del consistorio, propuso razonadamente la colocaci\u00f3n de una farola en una calle de las afueras del pueblo. Tras analizarse la propuesta, el alcalde dio comienzo a la votaci\u00f3n. Todos los presentes votaron a favor de la nueva iluminaci\u00f3n y al llegar el turno al espa\u00f1ol, \u00e9ste vot\u00f3 contra su propia propuesta para sorpresa de los ediles reunidos. El alcalde le pidi\u00f3 explicaciones por su acci\u00f3n. \u201cNo soporto la unanimidad\u201d, contest\u00f3.<\/p>\n\n\n\n<p class=\"wp-block-paragraph\">Art\u00edculo publicado por Ra\u00fal Mayoral Benito en el diario digital <em>El Imparcial <\/em>el 9 de octubre de 2016. <a href=\"https:\/\/www.elimparcial.es\/noticia\/170476\/opinion\/referendums.html\">https:\/\/www.elimparcial.es\/noticia\/170476\/opinion\/referendums.html<\/a><\/p>\n","protected":false},"excerpt":{"rendered":"<p>Como las finales en f\u00fatbol, los refer\u00e9ndums en pol\u00edtica se convocan para ganarlos. Si no, como dir\u00eda Jos\u00e9 Mota,\u00a0convocarlos pa na, es tonter\u00eda, adem\u00e1s de una p\u00e9rdida de tiempo y dinero. En la ENA debiera ense\u00f1arse a quienes aspiran a ser\u00a0enarcas\u00a0lo que no debe hacerse si se quiere ganar un refer\u00e9ndum analizando los casos del [&hellip;]<\/p>\n","protected":false},"author":1,"featured_media":1351,"comment_status":"open","ping_status":"open","sticky":false,"template":"","format":"standard","meta":{"_crdt_document":"","om_disable_all_campaigns":false,"_monsterinsights_skip_tracking":false,"_monsterinsights_sitenote_active":false,"_monsterinsights_sitenote_note":"","_monsterinsights_sitenote_category":0,"_uf_show_specific_survey":0,"_uf_disable_surveys":false,"jetpack_post_was_ever_published":false,"_jetpack_newsletter_access":"","_jetpack_dont_email_post_to_subs":false,"_jetpack_newsletter_tier_id":0,"_jetpack_memberships_contains_paywalled_content":false,"_jetpack_memberships_contains_paid_content":false,"footnotes":"","jetpack_publicize_message":"","jetpack_publicize_feature_enabled":true,"jetpack_social_post_already_shared":false,"jetpack_social_options":{"image_generator_settings":{"template":"highway","default_image_id":0,"font":"","enabled":false},"version":2}},"categories":[21,9],"tags":[],"class_list":["post-1350","post","type-post","status-publish","format-standard","has-post-thumbnail","hentry","category-el-imparcial","category-hemeroteca-2"],"aioseo_notices":[],"jetpack_publicize_connections":[],"jetpack_featured_media_url":"https:\/\/i0.wp.com\/www.raulmayoral.es\/wp-content\/uploads\/2022\/11\/referendums.jpg?fit=1920%2C1080&ssl=1","jetpack-related-posts":[],"jetpack_sharing_enabled":true,"_links":{"self":[{"href":"https:\/\/www.raulmayoral.es\/index.php\/wp-json\/wp\/v2\/posts\/1350","targetHints":{"allow":["GET"]}}],"collection":[{"href":"https:\/\/www.raulmayoral.es\/index.php\/wp-json\/wp\/v2\/posts"}],"about":[{"href":"https:\/\/www.raulmayoral.es\/index.php\/wp-json\/wp\/v2\/types\/post"}],"author":[{"embeddable":true,"href":"https:\/\/www.raulmayoral.es\/index.php\/wp-json\/wp\/v2\/users\/1"}],"replies":[{"embeddable":true,"href":"https:\/\/www.raulmayoral.es\/index.php\/wp-json\/wp\/v2\/comments?post=1350"}],"version-history":[{"count":1,"href":"https:\/\/www.raulmayoral.es\/index.php\/wp-json\/wp\/v2\/posts\/1350\/revisions"}],"predecessor-version":[{"id":1352,"href":"https:\/\/www.raulmayoral.es\/index.php\/wp-json\/wp\/v2\/posts\/1350\/revisions\/1352"}],"wp:featuredmedia":[{"embeddable":true,"href":"https:\/\/www.raulmayoral.es\/index.php\/wp-json\/wp\/v2\/media\/1351"}],"wp:attachment":[{"href":"https:\/\/www.raulmayoral.es\/index.php\/wp-json\/wp\/v2\/media?parent=1350"}],"wp:term":[{"taxonomy":"category","embeddable":true,"href":"https:\/\/www.raulmayoral.es\/index.php\/wp-json\/wp\/v2\/categories?post=1350"},{"taxonomy":"post_tag","embeddable":true,"href":"https:\/\/www.raulmayoral.es\/index.php\/wp-json\/wp\/v2\/tags?post=1350"}],"curies":[{"name":"wp","href":"https:\/\/api.w.org\/{rel}","templated":true}]}}