{"id":1562,"date":"2024-01-12T12:22:07","date_gmt":"2024-01-12T11:22:07","guid":{"rendered":"https:\/\/www.raulmayoral.es\/?p=1562"},"modified":"2026-01-12T11:20:55","modified_gmt":"2026-01-12T10:20:55","slug":"12-de-enero-san-benito-biscop-628-690","status":"publish","type":"post","link":"https:\/\/www.raulmayoral.es\/index.php\/2024\/01\/12\/12-de-enero-san-benito-biscop-628-690\/","title":{"rendered":"12 de enero. San Benito Biscop (628-690)"},"content":{"rendered":"\n<p class=\"wp-block-paragraph\">Noble anglosaj\u00f3n en la corte del rey <strong>Oswy<\/strong>. Pasada la veintena, renuncia al mundo y se hace benedictino, lo que le lleva a cambiar su nombre de <strong>Biscop<\/strong> por el de <strong>Benito<\/strong>. Se instala en Lerins, cerca de Cannes. El Papa lo llama, pero no para quedarse en Roma, sino para que regrese a Gran Breta\u00f1a y consolide la obra evangelizadora de <strong>San Agust\u00edn<\/strong>.<\/p>\n\n\n\n<p class=\"wp-block-paragraph\">Benito es uno de los santos civilizadores de Inglaterra. Apasionado por los libros, el arte, la cultura, ense\u00f1a a sus compatriotas el canto lit\u00fargico gregoriano. En el condado de Durham funda los monasterios de Wearmouth y Jarrow. Importa del continente libros y objetos que contribuyen al esplendor del culto y al saber de los monjes. <\/p>\n\n\n\n<p class=\"wp-block-paragraph\">Fue un monje viajero. Hasta cinco veces viaj\u00f3 a Roma. Los tres \u00faltimos a\u00f1os de su vida padeci\u00f3, paciente y ejemplarmente, una cruel enfermedad que le postr\u00f3 en cama. Los ingleses a\u00fan recuerdan su obra, continuada por su gran disc\u00edpulo, <strong>San Beda<\/strong> (27 de mayo), que naci\u00f3 en Wearmouth y muri\u00f3 en Jarrow. <\/p>\n\n\n\n<p class=\"wp-block-paragraph\"><em>La casa de los Santos. Un Santo para cada d\u00eda.<\/em> Carlos Pujol.<\/p>\n\n\n\n<p class=\"wp-block-paragraph\"><strong>San Nazario<\/strong><\/p>\n\n\n\n<p class=\"wp-block-paragraph\">Nacido al pie de los Pirineos orientales, es recordado, en la cabecera del r\u00edo Cinca y en Huesca, como el disc\u00edpulo fiel y el sucesor de <strong>San Victoriano de As\u00e1n<\/strong>, gran impulsor del ascetismo en la Espa\u00f1a g\u00f3tica de<strong> Teudis <\/strong>y <strong>Atanagildo<\/strong>.<\/p>\n\n\n\n<p class=\"wp-block-paragraph\">El 12 de enero del a\u00f1o 570, ya en tiempo de <strong>Liuva I<\/strong>, muere <strong>San Nazario<\/strong>, un decenio despu\u00e9s de su maestro. <\/p>\n\n\n\n<p class=\"wp-block-paragraph\"><strong>San Arcadio<\/strong><\/p>\n\n\n\n<p class=\"wp-block-paragraph\">Patrono de Osuna, <strong>San Arcadio <\/strong>llena, con el eco de su milicia cristiana y de su martirio, las tierras de ambos lados de las columnas de H\u00e9rcules, desde la Mauritania hasta la B\u00e9tica. <\/p>\n\n\n\n<p class=\"wp-block-paragraph\"><strong>Santa Tatiana<\/strong><\/p>\n\n\n\n<p class=\"wp-block-paragraph\"> En el a\u00f1o 226, en el cuarto a\u00f1o del imperio de Severo Alejandro, Santa Tatiana culmina en Roma, al filo de la espada, un firme testimonio de m\u00e1rtir. <\/p>\n\n\n\n<p class=\"wp-block-paragraph\"><em>Los Santos, noticia diaria<\/em>. Valeriano Ord\u00f3\u00f1ez, S.J. <\/p>\n\n\n\n<figure class=\"wp-block-embed is-type-video is-provider-youtube wp-block-embed-youtube wp-embed-aspect-16-9 wp-has-aspect-ratio\"><div class=\"wp-block-embed__wrapper\">\n<iframe loading=\"lazy\" title=\"LIBERCAST 3# | El inicio de la batalla cultural: La ideolog\u00eda de g\u00e9nero\" width=\"625\" height=\"352\" src=\"https:\/\/www.youtube.com\/embed\/Kb_LJRz897s?feature=oembed\" frameborder=\"0\" allow=\"accelerometer; autoplay; clipboard-write; encrypted-media; gyroscope; picture-in-picture; web-share\" referrerpolicy=\"strict-origin-when-cross-origin\" allowfullscreen><\/iframe>\n<\/div><\/figure>\n\n\n<div class=\"wp-block-jetpack-contact-form is-layout-flex wp-container-jetpack-contact-form-is-layout-53c17e14 wp-block-jetpack-contact-form-is-layout-flex\"><a href=\"https:\/\/www.raulmayoral.es\/index.php\/2024\/01\/12\/12-de-enero-san-benito-biscop-628-690\/\" target=\"_blank\" rel=\"noopener noreferrer\">Env\u00eda un formulario.<\/a><\/div>","protected":false},"excerpt":{"rendered":"<p>Noble anglosaj\u00f3n en la corte del rey Oswy. Pasada la veintena, renuncia al mundo y se hace benedictino, lo que le lleva a cambiar su nombre de Biscop por el de Benito. Se instala en Lerins, cerca de Cannes. El Papa lo llama, pero no para quedarse en Roma, sino para que regrese a Gran [&hellip;]<\/p>\n","protected":false},"author":1,"featured_media":1563,"comment_status":"open","ping_status":"open","sticky":false,"template":"","format":"standard","meta":{"_crdt_document":"","om_disable_all_campaigns":false,"_monsterinsights_skip_tracking":false,"_monsterinsights_sitenote_active":false,"_monsterinsights_sitenote_note":"","_monsterinsights_sitenote_category":0,"_uf_show_specific_survey":0,"_uf_disable_surveys":false,"jetpack_post_was_ever_published":false,"_jetpack_newsletter_access":"","_jetpack_dont_email_post_to_subs":false,"_jetpack_newsletter_tier_id":0,"_jetpack_memberships_contains_paywalled_content":false,"_jetpack_memberships_contains_paid_content":false,"footnotes":"","jetpack_publicize_message":"","jetpack_publicize_feature_enabled":true,"jetpack_social_post_already_shared":true,"jetpack_social_options":{"image_generator_settings":{"template":"highway","default_image_id":0,"font":"","enabled":false},"version":2}},"categories":[32],"tags":[],"class_list":["post-1562","post","type-post","status-publish","format-standard","has-post-thumbnail","hentry","category-santoral"],"aioseo_notices":[],"jetpack_publicize_connections":[],"jetpack_featured_media_url":"https:\/\/i0.wp.com\/www.raulmayoral.es\/wp-content\/uploads\/2024\/01\/12-de-enero.jpg?fit=928%2C1228&ssl=1","jetpack-related-posts":[],"jetpack_sharing_enabled":true,"_links":{"self":[{"href":"https:\/\/www.raulmayoral.es\/index.php\/wp-json\/wp\/v2\/posts\/1562","targetHints":{"allow":["GET"]}}],"collection":[{"href":"https:\/\/www.raulmayoral.es\/index.php\/wp-json\/wp\/v2\/posts"}],"about":[{"href":"https:\/\/www.raulmayoral.es\/index.php\/wp-json\/wp\/v2\/types\/post"}],"author":[{"embeddable":true,"href":"https:\/\/www.raulmayoral.es\/index.php\/wp-json\/wp\/v2\/users\/1"}],"replies":[{"embeddable":true,"href":"https:\/\/www.raulmayoral.es\/index.php\/wp-json\/wp\/v2\/comments?post=1562"}],"version-history":[{"count":2,"href":"https:\/\/www.raulmayoral.es\/index.php\/wp-json\/wp\/v2\/posts\/1562\/revisions"}],"predecessor-version":[{"id":3511,"href":"https:\/\/www.raulmayoral.es\/index.php\/wp-json\/wp\/v2\/posts\/1562\/revisions\/3511"}],"wp:featuredmedia":[{"embeddable":true,"href":"https:\/\/www.raulmayoral.es\/index.php\/wp-json\/wp\/v2\/media\/1563"}],"wp:attachment":[{"href":"https:\/\/www.raulmayoral.es\/index.php\/wp-json\/wp\/v2\/media?parent=1562"}],"wp:term":[{"taxonomy":"category","embeddable":true,"href":"https:\/\/www.raulmayoral.es\/index.php\/wp-json\/wp\/v2\/categories?post=1562"},{"taxonomy":"post_tag","embeddable":true,"href":"https:\/\/www.raulmayoral.es\/index.php\/wp-json\/wp\/v2\/tags?post=1562"}],"curies":[{"name":"wp","href":"https:\/\/api.w.org\/{rel}","templated":true}]}}