{"id":1581,"date":"2024-01-13T16:55:00","date_gmt":"2024-01-13T15:55:00","guid":{"rendered":"https:\/\/www.raulmayoral.es\/?p=1581"},"modified":"2024-01-13T17:50:41","modified_gmt":"2024-01-13T16:50:41","slug":"dirigismo-cultural","status":"publish","type":"post","link":"https:\/\/www.raulmayoral.es\/index.php\/2024\/01\/13\/dirigismo-cultural\/","title":{"rendered":"Dirigismo cultural"},"content":{"rendered":"\n<p class=\"wp-block-paragraph\">D\u00edas pasados el diario <em>El Pa\u00eds<\/em> publicaba la noticia sobre un \u00abplan ultra para sacar de Alemania a millones de inmigrantes\u00bb. Seg\u00fan una investigaci\u00f3n period\u00edstica, la autor\u00eda de ese plan correspond\u00eda al partido extremista Alternativa para Alemania (AfD) y a grupos neonazis, que habr\u00edan mantenido una reuni\u00f3n secreta. Seg\u00fan el diario la noticia \u00abha causado estupor e indignaci\u00f3n entre la clase pol\u00edtica que empieza a plantearse la necesidad de intentar ilegalizar a este partido\u00bb.<\/p>\n\n\n\n<p class=\"wp-block-paragraph\">El Pa\u00eds sigue anclado en la vieja t\u00e1ctica \u00abQue viene el lobo\u00bb de la izquierda europea de la Guerra Fr\u00eda, consistente en atemorizar a los ciudadanos de las democracias occidentales con el fantasma del regreso del fascismo. Lo cuenta <strong>Jean Fran\u00e7ois Revel<\/strong> en su libro <em>El conocimiento in\u00fatil<\/em>: La URSS alarmaba permanentemente a Europa sobre el peligro de movimientos fascistas y neonazis. Tal era su inter\u00e9s de que esa amenaza se mantuviera constante que, desde los a\u00f1os setenta del pasado siglo, se dedic\u00f3 a financiar grupos de extrema derecha en las sociedades democr\u00e1ticas europeas.<\/p>\n\n\n\n<p class=\"wp-block-paragraph\">En <em>El tel\u00f3n de acero <\/em>escribe <strong>Anne<\/strong> <strong>Applebaum <\/strong>que por el a\u00f1o1952, el departamento de propaganda del comit\u00e9 central del Partido comunista polaco entreg\u00f3 a sus activistas y agitadores a sueldo un panfleto que deb\u00edan difundir y que conten\u00eda consignas como esta: \u201cLos imperialistas americanos est\u00e1n reconstruyendo la Wehrmacht neonazi y prepar\u00e1ndola para invadir Polonia, mientras que la URSS ayuda a los polacos a desarrollar tecnolog\u00eda, cultura y arte\u201d. Que viene el lobo y qu\u00e9 bien con nuestros pastores.  <\/p>\n\n\n\n<p class=\"wp-block-paragraph\">Lo m\u00e1s hilarante, pero tambi\u00e9n sonrojante, acerca de la noticia del diario progre es que abre la portada de ese mismo d\u00eda con el titular \u00ab<strong>S\u00e1nchez<\/strong> salva dos decretos in extremis\u00bb. Y en subtitulares explica que el salvamento ha sido gracias a Junts, que ha logrado concesiones en varias materias, entre ellas, inmigraci\u00f3n. Seg\u00fan los propios independentistas,  su objetivo es disponer de la competencia para expulsar a los inmigrantes, en principio, reincidentes en actividades delictivas. Cuando VOX propone la expulsi\u00f3n de inmigrantes ilegales es tachado de xen\u00f3fobo. En cambio, los de <strong>Puigdemont <\/strong>son simplemente \u00abunos socios que no son de fiar\u00bb. M\u00e1s  que la inmigraci\u00f3n, lo que debe combatirse es el dirigismo cultural de medios de comunicaci\u00f3n incoherentes y sectarios.<\/p>\n\n\n\n<figure class=\"wp-block-embed is-type-video is-provider-youtube wp-block-embed-youtube wp-embed-aspect-16-9 wp-has-aspect-ratio\"><div class=\"wp-block-embed__wrapper\">\n<iframe loading=\"lazy\" title=\"LIBERCAST 3# | El inicio de la batalla cultural: La ideolog\u00eda de g\u00e9nero\" width=\"625\" height=\"352\" src=\"https:\/\/www.youtube.com\/embed\/Kb_LJRz897s?feature=oembed\" frameborder=\"0\" allow=\"accelerometer; autoplay; clipboard-write; encrypted-media; gyroscope; picture-in-picture; web-share\" referrerpolicy=\"strict-origin-when-cross-origin\" allowfullscreen><\/iframe>\n<\/div><\/figure>\n\n\n<div class=\"wp-block-jetpack-contact-form is-layout-flex wp-container-jetpack-contact-form-is-layout-53c17e14 wp-block-jetpack-contact-form-is-layout-flex\"><a href=\"https:\/\/www.raulmayoral.es\/index.php\/2024\/01\/13\/dirigismo-cultural\/\" target=\"_blank\" rel=\"noopener noreferrer\">Env\u00eda un formulario.<\/a><\/div>","protected":false},"excerpt":{"rendered":"<p>D\u00edas pasados el diario El Pa\u00eds publicaba la noticia sobre un \u00abplan ultra para sacar de Alemania a millones de inmigrantes\u00bb. Seg\u00fan una investigaci\u00f3n period\u00edstica, la autor\u00eda de ese plan correspond\u00eda al partido extremista Alternativa para Alemania (AfD) y a grupos neonazis, que habr\u00edan mantenido una reuni\u00f3n secreta. Seg\u00fan el diario la noticia \u00abha causado [&hellip;]<\/p>\n","protected":false},"author":1,"featured_media":1582,"comment_status":"open","ping_status":"open","sticky":false,"template":"","format":"standard","meta":{"_crdt_document":"","om_disable_all_campaigns":false,"_monsterinsights_skip_tracking":false,"_monsterinsights_sitenote_active":false,"_monsterinsights_sitenote_note":"","_monsterinsights_sitenote_category":0,"_uf_show_specific_survey":0,"_uf_disable_surveys":false,"jetpack_post_was_ever_published":false,"_jetpack_newsletter_access":"","_jetpack_dont_email_post_to_subs":false,"_jetpack_newsletter_tier_id":0,"_jetpack_memberships_contains_paywalled_content":false,"_jetpack_memberships_contains_paid_content":false,"footnotes":"","jetpack_publicize_message":"","jetpack_publicize_feature_enabled":true,"jetpack_social_post_already_shared":true,"jetpack_social_options":{"image_generator_settings":{"template":"highway","default_image_id":0,"font":"","enabled":false},"version":2}},"categories":[34],"tags":[],"class_list":["post-1581","post","type-post","status-publish","format-standard","has-post-thumbnail","hentry","category-pasando-revista"],"aioseo_notices":[],"jetpack_publicize_connections":[],"jetpack_featured_media_url":"https:\/\/i0.wp.com\/www.raulmayoral.es\/wp-content\/uploads\/2024\/01\/Dirigismo-cultural_El-Pais.jpg?fit=1247%2C543&ssl=1","jetpack-related-posts":[],"jetpack_sharing_enabled":true,"_links":{"self":[{"href":"https:\/\/www.raulmayoral.es\/index.php\/wp-json\/wp\/v2\/posts\/1581","targetHints":{"allow":["GET"]}}],"collection":[{"href":"https:\/\/www.raulmayoral.es\/index.php\/wp-json\/wp\/v2\/posts"}],"about":[{"href":"https:\/\/www.raulmayoral.es\/index.php\/wp-json\/wp\/v2\/types\/post"}],"author":[{"embeddable":true,"href":"https:\/\/www.raulmayoral.es\/index.php\/wp-json\/wp\/v2\/users\/1"}],"replies":[{"embeddable":true,"href":"https:\/\/www.raulmayoral.es\/index.php\/wp-json\/wp\/v2\/comments?post=1581"}],"version-history":[{"count":5,"href":"https:\/\/www.raulmayoral.es\/index.php\/wp-json\/wp\/v2\/posts\/1581\/revisions"}],"predecessor-version":[{"id":1594,"href":"https:\/\/www.raulmayoral.es\/index.php\/wp-json\/wp\/v2\/posts\/1581\/revisions\/1594"}],"wp:featuredmedia":[{"embeddable":true,"href":"https:\/\/www.raulmayoral.es\/index.php\/wp-json\/wp\/v2\/media\/1582"}],"wp:attachment":[{"href":"https:\/\/www.raulmayoral.es\/index.php\/wp-json\/wp\/v2\/media?parent=1581"}],"wp:term":[{"taxonomy":"category","embeddable":true,"href":"https:\/\/www.raulmayoral.es\/index.php\/wp-json\/wp\/v2\/categories?post=1581"},{"taxonomy":"post_tag","embeddable":true,"href":"https:\/\/www.raulmayoral.es\/index.php\/wp-json\/wp\/v2\/tags?post=1581"}],"curies":[{"name":"wp","href":"https:\/\/api.w.org\/{rel}","templated":true}]}}