{"id":1595,"date":"2024-01-14T12:39:03","date_gmt":"2024-01-14T11:39:03","guid":{"rendered":"https:\/\/www.raulmayoral.es\/?p=1595"},"modified":"2026-01-15T09:06:18","modified_gmt":"2026-01-15T08:06:18","slug":"14-de-enero-san-felix-de-nola-260","status":"publish","type":"post","link":"https:\/\/www.raulmayoral.es\/index.php\/2024\/01\/14\/14-de-enero-san-felix-de-nola-260\/","title":{"rendered":"14 de enero. San F\u00e9lix de Nola (&#8230; -260)"},"content":{"rendered":"\n<p class=\"wp-block-paragraph\">Todo lo que ha llegado hasta nosotros de este humilde sacerdote se lo debemos a <strong>San Paulino de Nola<\/strong> (22 de junio), que siglo y medio m\u00e1s tarde descubrir\u00eda el sepulcro de <strong>San F\u00e9lix<\/strong> y la vida ejemplar de \u00e9ste.<\/p>\n\n\n\n<p class=\"wp-block-paragraph\">F\u00e9lix sufri\u00f3 dos persecuciones: las de los emperadores <strong>Decio <\/strong>y <strong>Valeriano<\/strong>. En la primera fue encarcelado hasta que un \u00e1ngel rompi\u00f3 sus cadenas, durmi\u00f3 a la guardia y guiando al evadido lo puso a buen recaudo. En la segunda, confiscaron todos sus bienes, es interrogado, sin reconocerle, por los mismos soldados que le custodiaron cuando escap\u00f3 \u00bfmilagro? S\u00ed, porque vuelve a fugarse escondi\u00e9ndose en un edificio en ruina por una grieta que tapa r\u00e1pidamente una tupida telara\u00f1a. <\/p>\n\n\n\n<p class=\"wp-block-paragraph\">Cuando cesan las persecuciones, San F\u00e9lix da muestras de su grandeza de coraz\u00f3n, sencillez y humildad. A la muerte del obispo <strong>M\u00e1ximo<\/strong>, quieren nombrarle sucesor. Se niega. Para convencerle, le dicen que puede reclamar sus bienes confiscados. Sigue neg\u00e1ndose porque no quiere recuperar lo que perdi\u00f3 por la causa de <strong>Cristo<\/strong>. Muri\u00f3 como presb\u00edtero, pobre y sin ninguna distinci\u00f3n. Pasar inadvertido y sirviendo a las buenas gentes de Nola como a \u00e9l le gustaba.<\/p>\n\n\n\n<p class=\"wp-block-paragraph\">Fuente: <em>La casa de los Santos. Un Santo para cada d\u00eda<\/em>. Carlos Pujol.<\/p>\n\n\n\n<p class=\"wp-block-paragraph\"><strong>San Fulgencio<\/strong><\/p>\n\n\n\n<p class=\"wp-block-paragraph\">Nace en Cartagena, al igual que su hermano mayor <strong>San Leandro<\/strong> y su hermana <strong>Santa Florentina<\/strong>. Pero sus ilustres padres, <strong>Severiano y Teodora<\/strong>, buscan refugio en la provincia B\u00e9tica; y es Sevilla la que dar\u00e1 su nombre al \u00faltimo de los hermanos, <strong>San Isidoro.<\/strong><\/p>\n\n\n\n<p class=\"wp-block-paragraph\">Con su santidad y con su preparaci\u00f3n teol\u00f3gica, cultural y ling\u00fc\u00edstica, <strong>San Fulgencio<\/strong> contribuye eficazmente a la conversi\u00f3n de los visigodos arrianos y particularmente a la formaci\u00f3n de su rey <strong>Recaredo<\/strong>.<\/p>\n\n\n\n<p class=\"wp-block-paragraph\">Cartagena y Ecija veneran en \u00e9l al padre y obispo pacificador, que olvida sus propios sufrimientos anteriores en el destierro y hace olvidar todo resentimiento. Durante decenios siguen iluminando su palabra  y sus escritos de Doctor de la Iglesia visig\u00f3tica. Y en su muerte santa, rebasado el a\u00f1o 630, le asiste <strong>San Braulio<\/strong>, obispo de Zaragoza. <\/p>\n\n\n\n<p class=\"wp-block-paragraph\"><strong>San Dacio<\/strong><\/p>\n\n\n\n<p class=\"wp-block-paragraph\">Durante veintid\u00f3s a\u00f1os rige la sede episcopal de Mil\u00e1n y muere santamente el 14 de enero del a\u00f1o 522; no sin haber dejado escrita una historia luminosa del cristianismo en Mil\u00e1n.<\/p>\n\n\n\n<p class=\"wp-block-paragraph\"><em>Los Santos, noticia diaria<\/em>. Valeriano Ord\u00f3\u00f1ez, S.J. <\/p>\n\n\n\n<p class=\"wp-block-paragraph\"><\/p>\n\n\n\n<figure class=\"wp-block-embed is-type-video is-provider-youtube wp-block-embed-youtube wp-embed-aspect-16-9 wp-has-aspect-ratio\"><div class=\"wp-block-embed__wrapper\">\n<iframe loading=\"lazy\" title=\"LIBERCAST 2# | El inicio de la batalla cultural: La correcci\u00f3n pol\u00edtica\" width=\"625\" height=\"352\" src=\"https:\/\/www.youtube.com\/embed\/SP6mEBab-Is?feature=oembed\" frameborder=\"0\" allow=\"accelerometer; autoplay; clipboard-write; encrypted-media; gyroscope; picture-in-picture; web-share\" referrerpolicy=\"strict-origin-when-cross-origin\" allowfullscreen><\/iframe>\n<\/div><\/figure>\n\n\n<div class=\"wp-block-jetpack-contact-form is-layout-flex wp-container-jetpack-contact-form-is-layout-53c17e14 wp-block-jetpack-contact-form-is-layout-flex\"><a href=\"https:\/\/www.raulmayoral.es\/index.php\/2024\/01\/14\/14-de-enero-san-felix-de-nola-260\/\" target=\"_blank\" rel=\"noopener noreferrer\">Env\u00eda un formulario.<\/a><\/div>","protected":false},"excerpt":{"rendered":"<p>Todo lo que ha llegado hasta nosotros de este humilde sacerdote se lo debemos a San Paulino de Nola (22 de junio), que siglo y medio m\u00e1s tarde descubrir\u00eda el sepulcro de San F\u00e9lix y la vida ejemplar de \u00e9ste. F\u00e9lix sufri\u00f3 dos persecuciones: las de los emperadores Decio y Valeriano. En la primera fue [&hellip;]<\/p>\n","protected":false},"author":1,"featured_media":1596,"comment_status":"open","ping_status":"open","sticky":false,"template":"","format":"standard","meta":{"_crdt_document":"","om_disable_all_campaigns":false,"_monsterinsights_skip_tracking":false,"_monsterinsights_sitenote_active":false,"_monsterinsights_sitenote_note":"","_monsterinsights_sitenote_category":0,"_uf_show_specific_survey":0,"_uf_disable_surveys":false,"jetpack_post_was_ever_published":false,"_jetpack_newsletter_access":"","_jetpack_dont_email_post_to_subs":false,"_jetpack_newsletter_tier_id":0,"_jetpack_memberships_contains_paywalled_content":false,"_jetpack_memberships_contains_paid_content":false,"footnotes":"","jetpack_publicize_message":"","jetpack_publicize_feature_enabled":true,"jetpack_social_post_already_shared":true,"jetpack_social_options":{"image_generator_settings":{"template":"highway","default_image_id":0,"font":"","enabled":false},"version":2}},"categories":[32],"tags":[],"class_list":["post-1595","post","type-post","status-publish","format-standard","has-post-thumbnail","hentry","category-santoral"],"aioseo_notices":[],"jetpack_publicize_connections":[],"jetpack_featured_media_url":"https:\/\/i0.wp.com\/www.raulmayoral.es\/wp-content\/uploads\/2024\/01\/14-de-enero.jpg?fit=1280%2C720&ssl=1","jetpack-related-posts":[],"jetpack_sharing_enabled":true,"_links":{"self":[{"href":"https:\/\/www.raulmayoral.es\/index.php\/wp-json\/wp\/v2\/posts\/1595","targetHints":{"allow":["GET"]}}],"collection":[{"href":"https:\/\/www.raulmayoral.es\/index.php\/wp-json\/wp\/v2\/posts"}],"about":[{"href":"https:\/\/www.raulmayoral.es\/index.php\/wp-json\/wp\/v2\/types\/post"}],"author":[{"embeddable":true,"href":"https:\/\/www.raulmayoral.es\/index.php\/wp-json\/wp\/v2\/users\/1"}],"replies":[{"embeddable":true,"href":"https:\/\/www.raulmayoral.es\/index.php\/wp-json\/wp\/v2\/comments?post=1595"}],"version-history":[{"count":2,"href":"https:\/\/www.raulmayoral.es\/index.php\/wp-json\/wp\/v2\/posts\/1595\/revisions"}],"predecessor-version":[{"id":3515,"href":"https:\/\/www.raulmayoral.es\/index.php\/wp-json\/wp\/v2\/posts\/1595\/revisions\/3515"}],"wp:featuredmedia":[{"embeddable":true,"href":"https:\/\/www.raulmayoral.es\/index.php\/wp-json\/wp\/v2\/media\/1596"}],"wp:attachment":[{"href":"https:\/\/www.raulmayoral.es\/index.php\/wp-json\/wp\/v2\/media?parent=1595"}],"wp:term":[{"taxonomy":"category","embeddable":true,"href":"https:\/\/www.raulmayoral.es\/index.php\/wp-json\/wp\/v2\/categories?post=1595"},{"taxonomy":"post_tag","embeddable":true,"href":"https:\/\/www.raulmayoral.es\/index.php\/wp-json\/wp\/v2\/tags?post=1595"}],"curies":[{"name":"wp","href":"https:\/\/api.w.org\/{rel}","templated":true}]}}