{"id":1602,"date":"2024-01-15T07:49:44","date_gmt":"2024-01-15T06:49:44","guid":{"rendered":"https:\/\/www.raulmayoral.es\/?p=1602"},"modified":"2026-01-15T09:17:43","modified_gmt":"2026-01-15T08:17:43","slug":"15-de-enero-san-pablo-el-ermitano-347","status":"publish","type":"post","link":"https:\/\/www.raulmayoral.es\/index.php\/2024\/01\/15\/15-de-enero-san-pablo-el-ermitano-347\/","title":{"rendered":"15 de enero. San Pablo el ermita\u00f1o (&#8230; -347)"},"content":{"rendered":"\n<p class=\"wp-block-paragraph\">Modelo de todos los ermita\u00f1os de la Cristiandad, \u00abPr\u00edncipe de la vida erem\u00edtica\u00bb, le llam\u00f3 <strong>San Jer\u00f3nimo<\/strong> (30 de septiembre), su primer bi\u00f3grafo, en una obra de gran \u00e9xito en Occidente. <strong>Pablo<\/strong> <strong>de Tebas<\/strong>, por haber nacido en Tebas y de una familia cristiana, sufri\u00f3 a los veinte a\u00f1os la persecuci\u00f3n de <strong>Decio<\/strong> y huy\u00f3 al desierto, lugar predilecto para estos solitarios que buscan la perfecci\u00f3n.<\/p>\n\n\n\n<p class=\"wp-block-paragraph\">All\u00ed encuentra una caverna que ser\u00e1 su refugio durante much\u00edsimos a\u00f1os. Vestido con una t\u00fanica de hojas de palmera, se alimenta del fruto de este \u00e1rbol y bebe agua de un arroyo cercano. Pasa el tiempo rezando y meditando frente al misterio de Dios.<\/p>\n\n\n\n<p class=\"wp-block-paragraph\">Relata San Jer\u00f3nimo que cuando ya es centenario, San Pablo recibe la visita de otro anciano, <strong>San Antonio Abad<\/strong> (17 de enero), a quien <strong>Dios<\/strong> ha revelado en sue\u00f1os la existencia de otro eremita que vive en el desierto siendo un tesoro de virtud. A pesar de no haberse visto nunca, ambos se abrazan y mantienen coloquios espirituales. Mientras el cuervo que abastec\u00eda diariamente de pan a San Pablo, aqu\u00e9l d\u00eda lleva en su pico raci\u00f3n doble. El genial <strong>Vel\u00e1zquez<\/strong> inmortalizar\u00eda este encuentro fraternal en una magna obra reflejando el \u00e9xtasis erem\u00edtico.<\/p>\n\n\n\n<p class=\"wp-block-paragraph\">Al poco tiempo,  y tras una larga vida de oraci\u00f3n retirada, m\u00e1ximo desprendimiento y a amor a Dios,  Pablo muere a la edad de 113 a\u00f1os y Antonio le entierra con la ayuda de dos leones que cavan la fosa.<\/p>\n\n\n\n<p class=\"wp-block-paragraph\">Fuente: <em>La casa de los Santos. Un Santo para cada d\u00eda. <\/em>Carlos Pujol y <em>Los Santos, noticia diaria<\/em>. Valeriano Ord\u00f3\u00f1ez, S.J.<\/p>\n\n\n\n<p class=\"wp-block-paragraph\"><strong>San Mauro<\/strong><\/p>\n\n\n\n<p class=\"wp-block-paragraph\">Hijo del patricio romano <strong>Equicio<\/strong>, renuncia al esplendor de su familia senatorial, para seguir la vida benedictina junto al mismo fundador. El y <strong>San Pl\u00e1cido<\/strong> son dos grandes disc\u00edpulos de <strong>San Benito<\/strong>. <\/p>\n\n\n\n<p class=\"wp-block-paragraph\"><strong>San<\/strong> <strong>Mauro<\/strong> ser\u00e1 tambi\u00e9n el sucesor leal desde el a\u00f1o 543. Su obediencia era proverbial. Los <em>Di\u00e1logos<\/em> de <strong>San Gregorio<\/strong> relatan c\u00f3mo San Benito mand\u00f3 a Mauro a sacar de un aprieto a Pl\u00e1cido; y el disc\u00edpulo obedece con \u00e9xito lanz\u00e1ndose, por tierra y por agua, con la misma decisi\u00f3n que Pedro en Genesaret, ante la sugerencia y la llamada de Jesucristo. <\/p>\n\n\n\n<p class=\"wp-block-paragraph\"><em>Los Santos, noticia diaria<\/em>. Valeriano Ord\u00f3\u00f1ez, S.J.<\/p>\n\n\n\n<figure class=\"wp-block-embed is-type-video is-provider-youtube wp-block-embed-youtube wp-embed-aspect-16-9 wp-has-aspect-ratio\"><div class=\"wp-block-embed__wrapper\">\n<iframe loading=\"lazy\" title=\"LIBERCAST 1# | El inicio de la batalla cultural: El abuso de la tecnolog\u00eda\" width=\"625\" height=\"352\" src=\"https:\/\/www.youtube.com\/embed\/sa7X3Zp3hnc?start=15&#038;feature=oembed\" frameborder=\"0\" allow=\"accelerometer; autoplay; clipboard-write; encrypted-media; gyroscope; picture-in-picture; web-share\" referrerpolicy=\"strict-origin-when-cross-origin\" allowfullscreen><\/iframe>\n<\/div><\/figure>\n\n\n<div class=\"wp-block-jetpack-contact-form is-layout-flex wp-container-jetpack-contact-form-is-layout-53c17e14 wp-block-jetpack-contact-form-is-layout-flex\"><a href=\"https:\/\/www.raulmayoral.es\/index.php\/2024\/01\/15\/15-de-enero-san-pablo-el-ermitano-347\/\" target=\"_blank\" rel=\"noopener noreferrer\">Env\u00eda un formulario.<\/a><\/div>","protected":false},"excerpt":{"rendered":"<p>Modelo de todos los ermita\u00f1os de la Cristiandad, \u00abPr\u00edncipe de la vida erem\u00edtica\u00bb, le llam\u00f3 San Jer\u00f3nimo (30 de septiembre), su primer bi\u00f3grafo, en una obra de gran \u00e9xito en Occidente. Pablo de Tebas, por haber nacido en Tebas y de una familia cristiana, sufri\u00f3 a los veinte a\u00f1os la persecuci\u00f3n de Decio y huy\u00f3 [&hellip;]<\/p>\n","protected":false},"author":1,"featured_media":1605,"comment_status":"open","ping_status":"open","sticky":false,"template":"","format":"standard","meta":{"_crdt_document":"","om_disable_all_campaigns":false,"_monsterinsights_skip_tracking":false,"_monsterinsights_sitenote_active":false,"_monsterinsights_sitenote_note":"","_monsterinsights_sitenote_category":0,"_uf_show_specific_survey":0,"_uf_disable_surveys":false,"jetpack_post_was_ever_published":false,"_jetpack_newsletter_access":"","_jetpack_dont_email_post_to_subs":false,"_jetpack_newsletter_tier_id":0,"_jetpack_memberships_contains_paywalled_content":false,"_jetpack_memberships_contains_paid_content":false,"footnotes":"","jetpack_publicize_message":"","jetpack_publicize_feature_enabled":true,"jetpack_social_post_already_shared":true,"jetpack_social_options":{"image_generator_settings":{"template":"highway","default_image_id":0,"font":"","enabled":false},"version":2}},"categories":[32],"tags":[],"class_list":["post-1602","post","type-post","status-publish","format-standard","has-post-thumbnail","hentry","category-santoral"],"aioseo_notices":[],"jetpack_publicize_connections":[],"jetpack_featured_media_url":"https:\/\/i0.wp.com\/www.raulmayoral.es\/wp-content\/uploads\/2024\/01\/15-de-enero.jpg?fit=559%2C414&ssl=1","jetpack-related-posts":[],"jetpack_sharing_enabled":true,"_links":{"self":[{"href":"https:\/\/www.raulmayoral.es\/index.php\/wp-json\/wp\/v2\/posts\/1602","targetHints":{"allow":["GET"]}}],"collection":[{"href":"https:\/\/www.raulmayoral.es\/index.php\/wp-json\/wp\/v2\/posts"}],"about":[{"href":"https:\/\/www.raulmayoral.es\/index.php\/wp-json\/wp\/v2\/types\/post"}],"author":[{"embeddable":true,"href":"https:\/\/www.raulmayoral.es\/index.php\/wp-json\/wp\/v2\/users\/1"}],"replies":[{"embeddable":true,"href":"https:\/\/www.raulmayoral.es\/index.php\/wp-json\/wp\/v2\/comments?post=1602"}],"version-history":[{"count":2,"href":"https:\/\/www.raulmayoral.es\/index.php\/wp-json\/wp\/v2\/posts\/1602\/revisions"}],"predecessor-version":[{"id":3517,"href":"https:\/\/www.raulmayoral.es\/index.php\/wp-json\/wp\/v2\/posts\/1602\/revisions\/3517"}],"wp:featuredmedia":[{"embeddable":true,"href":"https:\/\/www.raulmayoral.es\/index.php\/wp-json\/wp\/v2\/media\/1605"}],"wp:attachment":[{"href":"https:\/\/www.raulmayoral.es\/index.php\/wp-json\/wp\/v2\/media?parent=1602"}],"wp:term":[{"taxonomy":"category","embeddable":true,"href":"https:\/\/www.raulmayoral.es\/index.php\/wp-json\/wp\/v2\/categories?post=1602"},{"taxonomy":"post_tag","embeddable":true,"href":"https:\/\/www.raulmayoral.es\/index.php\/wp-json\/wp\/v2\/tags?post=1602"}],"curies":[{"name":"wp","href":"https:\/\/api.w.org\/{rel}","templated":true}]}}