{"id":1607,"date":"2024-01-16T10:40:23","date_gmt":"2024-01-16T09:40:23","guid":{"rendered":"https:\/\/www.raulmayoral.es\/?p=1607"},"modified":"2026-01-16T09:19:05","modified_gmt":"2026-01-16T08:19:05","slug":"16-de-enero-honorato-de-arles-350-429","status":"publish","type":"post","link":"https:\/\/www.raulmayoral.es\/index.php\/2024\/01\/16\/16-de-enero-honorato-de-arles-350-429\/","title":{"rendered":"16 de enero. Honorato de Arl\u00e9s (350-429)"},"content":{"rendered":"\n<p class=\"wp-block-paragraph\">Otro ermita\u00f1o, pero no en el desierto, sino en una isla desierta del Archipi\u00e9lago de L\u00e9rins, frente a Cannes, que hoy se la conoce por el nombre de este Santo. Honorato, de linaje galorromano, era un converso que, en su ansia de perfecci\u00f3n, peregrin\u00f3 a Grecia viviendo en los monasterios de aquella parte del Imperio. Tras su vuelta decide llevar una vida solitaria de eremita.<\/p>\n\n\n\n<p class=\"wp-block-paragraph\">Seg\u00fan la tradici\u00f3n, la isla que ser\u00e1 su casa estaba llena de serpientes. Honorato cae de rodillas y se pone a rezar. Todas las serpientes mueren y las olas del mar, ordenadas por el Santo, se adentran en tierra y arrastran los restos de los reptiles limpiando la isla. Al cabo de unos a\u00f1os, se le unen otros compa\u00f1eros y Honorato funda el monasterio de L\u00e9rins, regido por la regla de <strong>San Pacomio<\/strong>, fundador del monacato cenobita cristiano. La comunidad se convierte en cantera de santos, te\u00f3logos y obispos <strong>(San<\/strong> <strong>Hilario de Arl\u00e9s<\/strong>, <strong>San Vicente de L\u00e9rins<\/strong>  y <strong>San Ces\u00e1reo de Arl\u00e9s<\/strong>) y en gran foco cultural.<\/p>\n\n\n\n<p class=\"wp-block-paragraph\">A pesar de su mala salud, Honorato es activo d\u00e1ndose a los dem\u00e1s y resultando la caridad en persona. Al poco de ser elegido arzobispo de Arl\u00e9s, muere dejando una escuela perdurable y un recuerdo imborrable de santidad. Fue como la llama de la fe encendida durante la larga noche (410), en que Roma es saqueada por los b\u00e1rbaros.  <\/p>\n\n\n\n<p class=\"wp-block-paragraph\">Fuente. <em>La Casa de los Santos. Un Santo para cada d\u00eda<\/em>. Carlos Pujol.<\/p>\n\n\n\n<p class=\"wp-block-paragraph\"><strong>San Marcelo<\/strong><\/p>\n\n\n\n<p class=\"wp-block-paragraph\">Designado Papa el a\u00f1o 108 en la \u00faltima de las grandes persecuciones primeras. Su antecesor hab\u00eda muerto cuatro a\u00f1os antes y una situaci\u00f3n ca\u00f3tica y aterradora, tanto interna como externa, hab\u00eda dificultado el nombramiento inmediato. <\/p>\n\n\n\n<p class=\"wp-block-paragraph\"><strong>San Marcelo <\/strong>abre al culto iglesias, que sustituyan a las confiscadas; y dicta normas de penitencia p\u00fablica para los ap\u00f3statas p\u00fablicos.  La arbitrariedad de <strong>Majencio<\/strong>, el usurpador, le persigue. Los fieles de Roma hablar\u00edan de su Papa San Marcelo, \u00abapaleado primeramente por la confesi\u00f3n de la fe cat\u00f3lica y condenado despu\u00e9s a cuidar de bestias en un establo. Condenado al destierro muere en el a\u00f1o 309 v\u00edctima de los malos tratos. <\/p>\n\n\n\n<p class=\"wp-block-paragraph\">El Papa <strong>San D\u00e1maso<\/strong> le dedicar\u00e1 este ep\u00edgrafe: \u00ab<strong>Marcelo<\/strong>, como buen Pastor, exigi\u00f3 la penitencia a cuantos hab\u00edan ca\u00eddo. Por eso se hizo ingrato a los imp\u00edos. Hubo un momento de locura, de odio, de discordia, de lucha, de sedici\u00f3n, de muertes. Se rompi\u00f3 el v\u00ednculo de la concordia. Por las inicuas maquinaciones de uno que hab\u00eda renegado de Cristo en tiempo mismo de paz, el Papa fue expulsado del patrio suelo por la crueldad\u00bb.<\/p>\n\n\n\n<p class=\"wp-block-paragraph\"><strong>San Ticiano<\/strong><\/p>\n\n\n\n<p class=\"wp-block-paragraph\">Desde Heraclea de Venecia, y por su piedad y sabidur\u00eda al servicio de la Iglesia, es designado obispo de Oderzo, en la misma regi\u00f3n veneciana. A su muerte prematura, ambas ciudades porf\u00edan por albergar su cuerpo, en un templo nuevo a su nombre. Finalmente, seg\u00fan costumbre muy medieval, lo depositan en un barquilla libre que aport\u00f3, por el r\u00edo Livencio, frente a S\u00e9ptimo. Y all\u00ed se levant\u00f3 conjuntamente un centro de oraci\u00f3n a nombre de <strong>San Ticiano<\/strong>.<\/p>\n\n\n\n<p class=\"wp-block-paragraph\">Igualmente en el siglo VI se hab\u00eda distinguido con este mismo nombre un obispo de Brescia de origen germano. Una expresi\u00f3n de su amor al necesitado ser\u00e1 su costumbre de comer habitualmente con los pobres encarg\u00e1ndose \u00e9l mismo de la higiene y del servicio, al menos, de doce de ellos.<\/p>\n\n\n\n<p class=\"wp-block-paragraph\"><em>Los Santos, noticia diaria<\/em>. Valeriano Ord\u00f3\u00f1ez, S.J.<\/p>\n\n\n\n<p class=\"wp-block-paragraph\"><\/p>\n\n\n\n<figure class=\"wp-block-image size-large\"><img data-recalc-dims=\"1\" loading=\"lazy\" decoding=\"async\" width=\"625\" height=\"186\" src=\"https:\/\/i0.wp.com\/www.raulmayoral.es\/wp-content\/uploads\/2023\/12\/marca-LIBERCAST.jpeg?resize=625%2C186&#038;ssl=1\" alt=\"\" class=\"wp-image-1447\" srcset=\"https:\/\/i0.wp.com\/www.raulmayoral.es\/wp-content\/uploads\/2023\/12\/marca-LIBERCAST.jpeg?resize=1024%2C305&amp;ssl=1 1024w, https:\/\/i0.wp.com\/www.raulmayoral.es\/wp-content\/uploads\/2023\/12\/marca-LIBERCAST.jpeg?resize=300%2C89&amp;ssl=1 300w, https:\/\/i0.wp.com\/www.raulmayoral.es\/wp-content\/uploads\/2023\/12\/marca-LIBERCAST.jpeg?resize=768%2C229&amp;ssl=1 768w, https:\/\/i0.wp.com\/www.raulmayoral.es\/wp-content\/uploads\/2023\/12\/marca-LIBERCAST.jpeg?resize=624%2C186&amp;ssl=1 624w, https:\/\/i0.wp.com\/www.raulmayoral.es\/wp-content\/uploads\/2023\/12\/marca-LIBERCAST.jpeg?w=1246&amp;ssl=1 1246w\" sizes=\"auto, (max-width: 625px) 100vw, 625px\" \/><\/figure>\n\n\n\n<p class=\"wp-block-paragraph\">Visita <strong>Libercast<\/strong>: un espacio desde el que librar la batalla de las ideas. Con an\u00e1lisis cr\u00edtico y veraz, <strong>Libercast <\/strong>proporciona criterio y argumentos para el rearme cultural de quienes aspiran a la libertad por encima de complejos y apaciguamientos.<\/p>\n\n\n\n<p class=\"wp-block-paragraph\"><a href=\"https:\/\/www.youtube.com\/channel\/UCIbu8VXd-DpbTH-I93XYZFw\">https:\/\/www.youtube.com\/channel\/UCIbu8VXd-DpbTH-I93XYZFw<\/a><\/p>\n\n\n<div class=\"wp-block-jetpack-contact-form is-layout-flex wp-container-jetpack-contact-form-is-layout-53c17e14 wp-block-jetpack-contact-form-is-layout-flex\"><a href=\"https:\/\/www.raulmayoral.es\/index.php\/2024\/01\/16\/16-de-enero-honorato-de-arles-350-429\/\" target=\"_blank\" rel=\"noopener noreferrer\">Env\u00eda un formulario.<\/a><\/div>","protected":false},"excerpt":{"rendered":"<p>Otro ermita\u00f1o, pero no en el desierto, sino en una isla desierta del Archipi\u00e9lago de L\u00e9rins, frente a Cannes, que hoy se la conoce por el nombre de este Santo. Honorato, de linaje galorromano, era un converso que, en su ansia de perfecci\u00f3n, peregrin\u00f3 a Grecia viviendo en los monasterios de aquella parte del Imperio. [&hellip;]<\/p>\n","protected":false},"author":1,"featured_media":1608,"comment_status":"open","ping_status":"open","sticky":false,"template":"","format":"standard","meta":{"_crdt_document":"","om_disable_all_campaigns":false,"_monsterinsights_skip_tracking":false,"_monsterinsights_sitenote_active":false,"_monsterinsights_sitenote_note":"","_monsterinsights_sitenote_category":0,"_uf_show_specific_survey":0,"_uf_disable_surveys":false,"jetpack_post_was_ever_published":false,"_jetpack_newsletter_access":"","_jetpack_dont_email_post_to_subs":false,"_jetpack_newsletter_tier_id":0,"_jetpack_memberships_contains_paywalled_content":false,"_jetpack_memberships_contains_paid_content":false,"footnotes":"","jetpack_publicize_message":"","jetpack_publicize_feature_enabled":true,"jetpack_social_post_already_shared":true,"jetpack_social_options":{"image_generator_settings":{"template":"highway","default_image_id":0,"font":"","enabled":false},"version":2}},"categories":[32],"tags":[],"class_list":["post-1607","post","type-post","status-publish","format-standard","has-post-thumbnail","hentry","category-santoral"],"aioseo_notices":[],"jetpack_publicize_connections":[],"jetpack_featured_media_url":"https:\/\/i0.wp.com\/www.raulmayoral.es\/wp-content\/uploads\/2024\/01\/16-de-enero.jpg?fit=231%2C300&ssl=1","jetpack-related-posts":[],"jetpack_sharing_enabled":true,"_links":{"self":[{"href":"https:\/\/www.raulmayoral.es\/index.php\/wp-json\/wp\/v2\/posts\/1607","targetHints":{"allow":["GET"]}}],"collection":[{"href":"https:\/\/www.raulmayoral.es\/index.php\/wp-json\/wp\/v2\/posts"}],"about":[{"href":"https:\/\/www.raulmayoral.es\/index.php\/wp-json\/wp\/v2\/types\/post"}],"author":[{"embeddable":true,"href":"https:\/\/www.raulmayoral.es\/index.php\/wp-json\/wp\/v2\/users\/1"}],"replies":[{"embeddable":true,"href":"https:\/\/www.raulmayoral.es\/index.php\/wp-json\/wp\/v2\/comments?post=1607"}],"version-history":[{"count":2,"href":"https:\/\/www.raulmayoral.es\/index.php\/wp-json\/wp\/v2\/posts\/1607\/revisions"}],"predecessor-version":[{"id":3521,"href":"https:\/\/www.raulmayoral.es\/index.php\/wp-json\/wp\/v2\/posts\/1607\/revisions\/3521"}],"wp:featuredmedia":[{"embeddable":true,"href":"https:\/\/www.raulmayoral.es\/index.php\/wp-json\/wp\/v2\/media\/1608"}],"wp:attachment":[{"href":"https:\/\/www.raulmayoral.es\/index.php\/wp-json\/wp\/v2\/media?parent=1607"}],"wp:term":[{"taxonomy":"category","embeddable":true,"href":"https:\/\/www.raulmayoral.es\/index.php\/wp-json\/wp\/v2\/categories?post=1607"},{"taxonomy":"post_tag","embeddable":true,"href":"https:\/\/www.raulmayoral.es\/index.php\/wp-json\/wp\/v2\/tags?post=1607"}],"curies":[{"name":"wp","href":"https:\/\/api.w.org\/{rel}","templated":true}]}}