{"id":1611,"date":"2024-01-17T11:13:15","date_gmt":"2024-01-17T10:13:15","guid":{"rendered":"https:\/\/www.raulmayoral.es\/?p=1611"},"modified":"2026-01-17T12:49:44","modified_gmt":"2026-01-17T11:49:44","slug":"17-de-enero-san-antonio-abad-251-356","status":"publish","type":"post","link":"https:\/\/www.raulmayoral.es\/index.php\/2024\/01\/17\/17-de-enero-san-antonio-abad-251-356\/","title":{"rendered":"17 de enero. San Antonio abad (251-356)"},"content":{"rendered":"\n<p class=\"wp-block-paragraph\">Conocido tambi\u00e9n como <strong>San Antonio de Egipto<\/strong> (nacido en el a\u00f1o 251 en Come, al sur de Menfis, en el alto Egipto central), o <strong>San Antonio del Desierto<\/strong> (se fue al desierto para seguir un consejo de Cristo), o, incluso <strong>San Antonio el Grande<\/strong> (por el inmenso influjo de su asc\u00e9tica). De vida longeva, muri\u00f3 a los 105 a\u00f1os, y entregado en cuerpo y alma a la oraci\u00f3n, al estudio, a la penitencia y hasta al trabajo manual para ganarse el sustento. <strong>Antonio <\/strong>fund\u00f3 el monacato y es el maestro de los anacoretas del antiguo Egipto, el padre de los cenobitas, aquellos que prefirieron llevar en com\u00fan la vida asc\u00e9tica contemplativa, de ah\u00ed, lo de abad, que significa padre.<\/p>\n\n\n\n<p class=\"wp-block-paragraph\">Debi\u00f3 de nacer en familia acomodada, y siendo a\u00fan muy joven, vendi\u00f3 todas sus pertenencias retir\u00e1ndose al desierto y habitar un sepulcro abandonado para centrarse en la presencia de Dios. Tambi\u00e9n mostr\u00f3 su caridad ante aquellos cristianos condenados a las minas o a las c\u00e1rceles de Alejandr\u00eda, en a\u00f1o 311, en las persecuciones de <strong>Maximino Daya<\/strong>. <\/p>\n\n\n\n<p class=\"wp-block-paragraph\">Como quiera que las tentaciones merodeaban en su entorno, se adentr\u00f3 a\u00fan m\u00e1s en busca de mayor soledad. Contin\u00faan las asechanzas diab\u00f3licas y nueva retirada en el a\u00f1o 312 hasta el fin del desierto, en Monte Colzum, cerca ya del Mar Rojo, lugar donde hoy un monasterio copto del siglo IV nos recuerda a San Antonio abad, un hombre cuyo rostro siempre resplandeci\u00f3 de alegr\u00eda, al que paganos y cristianos se acercaron como fieles seguidores de su regla viva.<\/p>\n\n\n\n<p class=\"wp-block-paragraph\">Un gran confidente y bi\u00f3grafo de San Antonio ser\u00e1 <strong>San Atanasio<\/strong>, obispo de Alejandr\u00eda, quien consigui\u00f3 del abad ya centenario que instruyese a esta urbe en la fe del Concilio de Nicea. Su popularidad taumat\u00fargica llegar\u00e1 a invocarse, no s\u00f3lo en beneficio de los hombres, sino tambi\u00e9n de los animales. Con la bendici\u00f3n de San Antonio muchas familias alimentar\u00edan en com\u00fan un lech\u00f3n porcino para los pobres; que, distribu\u00eddo el d\u00eda de San Ant\u00f3n, terminar\u00e1 acompa\u00f1ando la imagen misma del Santo abad.<\/p>\n\n\n\n<p class=\"wp-block-paragraph\">Tras visitar a <strong>San Pablo el ermita\u00f1o<\/strong>, muri\u00f3 de viejo d\u00edas m\u00e1s tarde en el a\u00f1o 356. La tradici\u00f3n le ha convertido en protector del ganado y de los animales dom\u00e9sticos.<\/p>\n\n\n\n<p class=\"wp-block-paragraph\">Fuente. <em>La casa de los Santos. Un Santo para cada d\u00eda<\/em>. Carlos Pujol y Los Santos, noticia diaria. Valeriano Ord\u00f3\u00f1ez , S.J.<\/p>\n\n\n\n<p class=\"wp-block-paragraph\"><strong>San Mariano<\/strong><\/p>\n\n\n\n<p class=\"wp-block-paragraph\">En un cementerio de los arenales de Roma, ayudaba como di\u00e1cono al presb\u00edtero <strong>San Diodoro<\/strong>, durante la celebraci\u00f3n de una solemnidad martirial. De pronto, los perseguidores les ciegan la salida con arena; y as\u00ed se unen a los m\u00e1rtires, el a\u00f1o 257, en tiempo del Papa <strong>San Esteban I<\/strong>.<\/p>\n\n\n\n<p class=\"wp-block-paragraph\"><strong>Santa Rosalina<\/strong><\/p>\n\n\n\n<p class=\"wp-block-paragraph\">En el siglo XIV aparece en la Provenza, como priora del convento de religiosas cartujas de Celle-Robaud, no lejos de Frejus, fallecida en fragancia de santidad el 17 de enero de 1329. <\/p>\n\n\n\n<p class=\"wp-block-paragraph\"><em>Los Santos, noticia diaria<\/em>. Valeriano Ord\u00f3\u00f1ez , S.J.<\/p>\n\n\n\n<p class=\"wp-block-paragraph\"> <\/p>\n\n\n\n<figure class=\"wp-block-embed is-type-video is-provider-youtube wp-block-embed-youtube wp-embed-aspect-16-9 wp-has-aspect-ratio\"><div class=\"wp-block-embed__wrapper\">\n<iframe loading=\"lazy\" title=\"LIBERCAST 4# | El inicio de la batalla cultural: La memoria hist\u00f3rica\" width=\"625\" height=\"352\" src=\"https:\/\/www.youtube.com\/embed\/U_1BJzN4nIY?feature=oembed\" frameborder=\"0\" allow=\"accelerometer; autoplay; clipboard-write; encrypted-media; gyroscope; picture-in-picture; web-share\" referrerpolicy=\"strict-origin-when-cross-origin\" allowfullscreen><\/iframe>\n<\/div><\/figure>\n\n\n\n<p class=\"wp-block-paragraph\"><\/p>\n\n\n<div class=\"wp-block-jetpack-contact-form is-layout-flex wp-container-jetpack-contact-form-is-layout-53c17e14 wp-block-jetpack-contact-form-is-layout-flex\"><a href=\"https:\/\/www.raulmayoral.es\/index.php\/2024\/01\/17\/17-de-enero-san-antonio-abad-251-356\/\" target=\"_blank\" rel=\"noopener noreferrer\">Env\u00eda un formulario.<\/a><\/div>","protected":false},"excerpt":{"rendered":"<p>Conocido tambi\u00e9n como San Antonio de Egipto (nacido en el a\u00f1o 251 en Come, al sur de Menfis, en el alto Egipto central), o San Antonio del Desierto (se fue al desierto para seguir un consejo de Cristo), o, incluso San Antonio el Grande (por el inmenso influjo de su asc\u00e9tica). De vida longeva, muri\u00f3 [&hellip;]<\/p>\n","protected":false},"author":1,"featured_media":1614,"comment_status":"open","ping_status":"open","sticky":false,"template":"","format":"standard","meta":{"_crdt_document":"","om_disable_all_campaigns":false,"_monsterinsights_skip_tracking":false,"_monsterinsights_sitenote_active":false,"_monsterinsights_sitenote_note":"","_monsterinsights_sitenote_category":0,"_uf_show_specific_survey":0,"_uf_disable_surveys":false,"jetpack_post_was_ever_published":false,"_jetpack_newsletter_access":"","_jetpack_dont_email_post_to_subs":false,"_jetpack_newsletter_tier_id":0,"_jetpack_memberships_contains_paywalled_content":false,"_jetpack_memberships_contains_paid_content":false,"footnotes":"","jetpack_publicize_message":"","jetpack_publicize_feature_enabled":true,"jetpack_social_post_already_shared":true,"jetpack_social_options":{"image_generator_settings":{"template":"highway","default_image_id":0,"font":"","enabled":false},"version":2}},"categories":[32],"tags":[],"class_list":["post-1611","post","type-post","status-publish","format-standard","has-post-thumbnail","hentry","category-santoral"],"aioseo_notices":[],"jetpack_publicize_connections":[],"jetpack_featured_media_url":"https:\/\/i0.wp.com\/www.raulmayoral.es\/wp-content\/uploads\/2024\/01\/17-de-enero.jpg?fit=420%2C590&ssl=1","jetpack-related-posts":[],"jetpack_sharing_enabled":true,"_links":{"self":[{"href":"https:\/\/www.raulmayoral.es\/index.php\/wp-json\/wp\/v2\/posts\/1611","targetHints":{"allow":["GET"]}}],"collection":[{"href":"https:\/\/www.raulmayoral.es\/index.php\/wp-json\/wp\/v2\/posts"}],"about":[{"href":"https:\/\/www.raulmayoral.es\/index.php\/wp-json\/wp\/v2\/types\/post"}],"author":[{"embeddable":true,"href":"https:\/\/www.raulmayoral.es\/index.php\/wp-json\/wp\/v2\/users\/1"}],"replies":[{"embeddable":true,"href":"https:\/\/www.raulmayoral.es\/index.php\/wp-json\/wp\/v2\/comments?post=1611"}],"version-history":[{"count":3,"href":"https:\/\/www.raulmayoral.es\/index.php\/wp-json\/wp\/v2\/posts\/1611\/revisions"}],"predecessor-version":[{"id":3523,"href":"https:\/\/www.raulmayoral.es\/index.php\/wp-json\/wp\/v2\/posts\/1611\/revisions\/3523"}],"wp:featuredmedia":[{"embeddable":true,"href":"https:\/\/www.raulmayoral.es\/index.php\/wp-json\/wp\/v2\/media\/1614"}],"wp:attachment":[{"href":"https:\/\/www.raulmayoral.es\/index.php\/wp-json\/wp\/v2\/media?parent=1611"}],"wp:term":[{"taxonomy":"category","embeddable":true,"href":"https:\/\/www.raulmayoral.es\/index.php\/wp-json\/wp\/v2\/categories?post=1611"},{"taxonomy":"post_tag","embeddable":true,"href":"https:\/\/www.raulmayoral.es\/index.php\/wp-json\/wp\/v2\/tags?post=1611"}],"curies":[{"name":"wp","href":"https:\/\/api.w.org\/{rel}","templated":true}]}}