{"id":1616,"date":"2024-01-18T10:27:24","date_gmt":"2024-01-18T09:27:24","guid":{"rendered":"https:\/\/www.raulmayoral.es\/?p=1616"},"modified":"2024-01-18T10:27:26","modified_gmt":"2024-01-18T09:27:26","slug":"de-miliciana-a-valquiria","status":"publish","type":"post","link":"https:\/\/www.raulmayoral.es\/index.php\/2024\/01\/18\/de-miliciana-a-valquiria\/","title":{"rendered":"De miliciana a valquiria"},"content":{"rendered":"\n<p class=\"wp-block-paragraph\">\u201cLas mujeres no somos de nadie\u2026 No pertenecemos a nadie m\u00e1s que a nosotras mismas\u2026 Estamos cansadas de tutelas\u201d. Demag\u00f3gicas palabras de <strong>Yolanda D\u00edaz <\/strong>elevada a sacerdotisa de la pol\u00edtica gracias al todopoderoso dedo tutelar de dos hombres: <strong>Pablo Iglesias <\/strong>y <strong>Pedro S\u00e1nchez<\/strong>. Hoy marioneta de verbena creada e impulsada por la maquiav\u00e9lica estrategia de S\u00e1nchez en su acoso y derribo contra la pareja Iglesias-<strong>Montero<\/strong> por disputarles el control de Podemos. A veces, resulta dif\u00edcil distinguir la incoherencia de los mediocres de su inconsciencia.<\/p>\n\n\n\n<p class=\"wp-block-paragraph\">La izquierda siempre crey\u00f3 su propia patra\u00f1a sobre su monopolio por la salvaci\u00f3n del mundo y la regeneraci\u00f3n democr\u00e1tica. La derecha ha sido menos hip\u00f3crita y fanfarrona en aventurarse por esa singladura del redentorismo. D\u00edaz, en la mejor tradici\u00f3n marxista, avisa con petulancia de que con ella \u201cempieza todo\u201d. Antes de Sumar solo exist\u00eda el cero, la nada. Empieza ofreciendo las viejas y enga\u00f1osas f\u00f3rmulas de siempre, una \u201cnueva carta de derechos\u201d, un \u201cnuevo contrato democr\u00e1tico, econ\u00f3mico y social\u201d, la rancia tabarra del mundo feliz. Fiel a su ideario comunista, terminar\u00e1 poniendo la nada en movimiento.<\/p>\n\n\n\n<p class=\"wp-block-paragraph\">Como mujer, aspira a ser la primera presidente del Gobierno de Espa\u00f1a con un chocante programa \u201ctrabajar menos, sin reducir el salario, para vivir mejor\u201d. Dispondr\u00e1 as\u00ed de m\u00e1s tiempo para dedicarse a su peinado. Seg\u00fan <strong>Gregorio Mara\u00f1\u00f3n<\/strong>, la mujer de todas las \u00e9pocas ha dedicado una parte a veces importante del d\u00eda al arreglo de su cabello. Para D\u00edaz, los j\u00f3venes \u201cllevan cuarenta a\u00f1os abandonados por los Gobiernos\u201d, es decir, que han sido las pol\u00edticas de izquierda las que m\u00e1s han dejado a la juventud en la estacada: Desde 1982 hasta hoy, la izquierda ha gobernado en Espa\u00f1a veintisiete a\u00f1os y la derecha, quince. Desde 2018, con el PSOE en el poder, y desde 2020, con una coalici\u00f3n socialcomunista, los descarriados j\u00f3venes sufren el desamparo de dirigentes pol\u00edticos como Yolanda D\u00edaz. Pero, con esta mu\u00f1equita de gui\u00f1ol \u201cempieza todo\u201d, el fuego, la rueda y la imprenta. De loco, tachar\u00edamos a <strong>Ancelotti<\/strong>, si hoy anunciara que de llegar un d\u00eda al banquillo del Real Madrid, empezar\u00e1 todo.<\/p>\n\n\n\n<p class=\"wp-block-paragraph\">Es al decir que \u201cel neoliberalismo ha fracasado\u201d cuando la nueva burguesa, disfrazada de seda, comunista se queda, deja al desnudo la farsa y la supercher\u00eda. Hubo un tiempo en que Yolanda vest\u00eda como una jornalera de las de <strong>V\u00edctor Jara <\/strong>yendo a desalambrar, sin maquillaje, ni tocados ni siquiera ropa conjuntada. Hoy pisa los escenarios con el glamour propio de \u201cCon faldas y a lo loco\u201d. Ha migrado de miliciana revolucionaria a refinada valquiria. Seg\u00fan la mitolog\u00eda n\u00f3rdica, las valquirias eran unos personajes femeninos que seleccionaban a los mejores, ca\u00eddos en el combate, llev\u00e1ndolos al Valhalla, una especie de para\u00edso. Para D\u00edaz, los mejores son siempre los suyos, y al resto de mortales, como los trabajadores fijos discontinuos, que les parta un rayo. Su cometido es preservar al mejor de los suyos en el Valhalla de La Moncloa, aunque para ello deba abandonar a Pablo en el campo de batalla.<\/p>\n\n\n\n<p class=\"wp-block-paragraph\">Art\u00edculo publicado por Ra\u00fal Mayoral Benito en el diario digital <em>El Imparcial <\/em>el 9 de abril de 2023. <a href=\"https:\/\/www.elimparcial.es\/noticia\/252695\/opinion\/de-miliciana-a-valquiria.html\" title=\"\">https:\/\/www.elimparcial.es\/noticia\/252695\/opinion\/de-miliciana-a-valquiria.html<\/a><\/p>\n\n\n\n<figure class=\"wp-block-embed is-type-video is-provider-youtube wp-block-embed-youtube wp-embed-aspect-16-9 wp-has-aspect-ratio\"><div class=\"wp-block-embed__wrapper\">\n<iframe loading=\"lazy\" title=\"LIBERCAST 4# | El inicio de la batalla cultural: La memoria hist\u00f3rica\" width=\"625\" height=\"352\" src=\"https:\/\/www.youtube.com\/embed\/U_1BJzN4nIY?feature=oembed\" frameborder=\"0\" allow=\"accelerometer; autoplay; clipboard-write; encrypted-media; gyroscope; picture-in-picture; web-share\" referrerpolicy=\"strict-origin-when-cross-origin\" allowfullscreen><\/iframe>\n<\/div><\/figure>\n\n\n<div class=\"wp-block-jetpack-contact-form is-layout-flex wp-container-jetpack-contact-form-is-layout-53c17e14 wp-block-jetpack-contact-form-is-layout-flex\"><a href=\"https:\/\/www.raulmayoral.es\/index.php\/2024\/01\/18\/de-miliciana-a-valquiria\/\" target=\"_blank\" rel=\"noopener noreferrer\">Env\u00eda un formulario.<\/a><\/div>","protected":false},"excerpt":{"rendered":"<p>\u201cLas mujeres no somos de nadie\u2026 No pertenecemos a nadie m\u00e1s que a nosotras mismas\u2026 Estamos cansadas de tutelas\u201d. Demag\u00f3gicas palabras de Yolanda D\u00edaz elevada a sacerdotisa de la pol\u00edtica gracias al todopoderoso dedo tutelar de dos hombres: Pablo Iglesias y Pedro S\u00e1nchez. Hoy marioneta de verbena creada e impulsada por la maquiav\u00e9lica estrategia de [&hellip;]<\/p>\n","protected":false},"author":1,"featured_media":1617,"comment_status":"open","ping_status":"open","sticky":false,"template":"","format":"standard","meta":{"_crdt_document":"","om_disable_all_campaigns":false,"_monsterinsights_skip_tracking":false,"_monsterinsights_sitenote_active":false,"_monsterinsights_sitenote_note":"","_monsterinsights_sitenote_category":0,"_uf_show_specific_survey":0,"_uf_disable_surveys":false,"jetpack_post_was_ever_published":false,"_jetpack_newsletter_access":"","_jetpack_dont_email_post_to_subs":false,"_jetpack_newsletter_tier_id":0,"_jetpack_memberships_contains_paywalled_content":false,"_jetpack_memberships_contains_paid_content":false,"footnotes":"","jetpack_publicize_message":"","jetpack_publicize_feature_enabled":true,"jetpack_social_post_already_shared":true,"jetpack_social_options":{"image_generator_settings":{"template":"highway","default_image_id":0,"font":"","enabled":false},"version":2}},"categories":[21,9],"tags":[],"class_list":["post-1616","post","type-post","status-publish","format-standard","has-post-thumbnail","hentry","category-el-imparcial","category-hemeroteca-2"],"aioseo_notices":[],"jetpack_publicize_connections":[],"jetpack_featured_media_url":"https:\/\/i0.wp.com\/www.raulmayoral.es\/wp-content\/uploads\/2024\/01\/de-miliciana-a-valquiria-scaled.jpg?fit=1707%2C2560&ssl=1","jetpack-related-posts":[],"jetpack_sharing_enabled":true,"_links":{"self":[{"href":"https:\/\/www.raulmayoral.es\/index.php\/wp-json\/wp\/v2\/posts\/1616","targetHints":{"allow":["GET"]}}],"collection":[{"href":"https:\/\/www.raulmayoral.es\/index.php\/wp-json\/wp\/v2\/posts"}],"about":[{"href":"https:\/\/www.raulmayoral.es\/index.php\/wp-json\/wp\/v2\/types\/post"}],"author":[{"embeddable":true,"href":"https:\/\/www.raulmayoral.es\/index.php\/wp-json\/wp\/v2\/users\/1"}],"replies":[{"embeddable":true,"href":"https:\/\/www.raulmayoral.es\/index.php\/wp-json\/wp\/v2\/comments?post=1616"}],"version-history":[{"count":1,"href":"https:\/\/www.raulmayoral.es\/index.php\/wp-json\/wp\/v2\/posts\/1616\/revisions"}],"predecessor-version":[{"id":1618,"href":"https:\/\/www.raulmayoral.es\/index.php\/wp-json\/wp\/v2\/posts\/1616\/revisions\/1618"}],"wp:featuredmedia":[{"embeddable":true,"href":"https:\/\/www.raulmayoral.es\/index.php\/wp-json\/wp\/v2\/media\/1617"}],"wp:attachment":[{"href":"https:\/\/www.raulmayoral.es\/index.php\/wp-json\/wp\/v2\/media?parent=1616"}],"wp:term":[{"taxonomy":"category","embeddable":true,"href":"https:\/\/www.raulmayoral.es\/index.php\/wp-json\/wp\/v2\/categories?post=1616"},{"taxonomy":"post_tag","embeddable":true,"href":"https:\/\/www.raulmayoral.es\/index.php\/wp-json\/wp\/v2\/tags?post=1616"}],"curies":[{"name":"wp","href":"https:\/\/api.w.org\/{rel}","templated":true}]}}