{"id":1619,"date":"2024-01-18T11:10:36","date_gmt":"2024-01-18T10:10:36","guid":{"rendered":"https:\/\/www.raulmayoral.es\/?p=1619"},"modified":"2026-01-18T11:40:10","modified_gmt":"2026-01-18T10:40:10","slug":"18-de-enero-santa-prisca-siglo-i","status":"publish","type":"post","link":"https:\/\/www.raulmayoral.es\/index.php\/2024\/01\/18\/18-de-enero-santa-prisca-siglo-i\/","title":{"rendered":"18 de enero. Santa Prisca. (siglo I)"},"content":{"rendered":"\n<p class=\"wp-block-paragraph\">Cierta confusi\u00f3n se crea en torno al santoral de hoy, pues antiguos documentos hablan de tres Priscas o Priscilas, que podr\u00edan ser distintas. Pero vayamos a <strong>San Pablo<\/strong>. El ap\u00f3stol se refiere a esta cristiana que vivi\u00f3 en el alba de la Iglesia, en su Ep\u00edstola a los Romanos, dentro del cap\u00edtulo diecis\u00e9is: \u00abSaludad a <strong>Prisca<\/strong> y <strong>Aquila<\/strong>, mis cooperadores en <strong>Cristo Jes\u00fas<\/strong>, los cuales para salvar mi vida expusieron su cabeza\u00bb.<\/p>\n\n\n\n<p class=\"wp-block-paragraph\">Sobre el santuario de Mitra, permanece en pie la antiqu\u00edsima iglesia de Santa Prisca, que aun conservando alg\u00fan que otro testimonio de \u00e9poca pagana, se veneran recuerdos como un capitel romano, que debi\u00f3 de hacer las veces de pila bautismal ya que contiene grabada la inscripci\u00f3n \u00abBaptismum Sancti Petri\u00bb, fechada en el siglo XIII. De ah\u00ed, la suposici\u00f3n de que <strong>San Pedro<\/strong> bautizara en ese lugar a los esposos Aquila y Prisca. <\/p>\n\n\n\n<p class=\"wp-block-paragraph\">Poco m\u00e1s se sabe de Santa Prisca, muy venerada en Roma como una de las m\u00e1s c\u00e9lebres m\u00e1rtires de su cristianismo primero. Pero es suficiente para acceder a la inmortalidad y, a la vez, a la santidad, mostr\u00e1ndose como una figura admirable por heroica que arriesg\u00f3 su vida para salvar la de San Pablo.<\/p>\n\n\n\n<p class=\"wp-block-paragraph\">Fuente. <em>La casa de los Santos. Un Santo para cada d\u00eda<\/em>. Carlos Pujol<\/p>\n\n\n\n<p class=\"wp-block-paragraph\"><strong>Beata Beatriz<\/strong><\/p>\n\n\n\n<p class=\"wp-block-paragraph\">La hija del marqu\u00e9s de Ferrara, <strong>Beatriz de Este<\/strong>, nace en el seno de aquella noble familia que pronto iba a reinar en Hanover, Alemania, y posteriormente durante muchos siglos en Inglaterra. Desde su primera juventud ve\u00eda la vida religiosa como su m\u00e1s alto ideal. Y la sigue viendo en Vicenza, aun despu\u00e9s de haber accedido a que su padre la prometiera en matrimonio al c\u00e9lebre caballero <strong>Galeazzo Manfredi<\/strong>.<\/p>\n\n\n\n<p class=\"wp-block-paragraph\">Estaba ya dispuesta la boda en Mil\u00e1n, cuando apenas llegada ella a la ciudad, se recibe la noticia de la muerte de <strong>Galeazzo<\/strong> por heridas recibidas en el campo de batalla. Los padres de <strong>Beatriz<\/strong> no se oponen ya a que siga su vocaci\u00f3n religiosa. Y funda el monasterio de benedictinas de Ferrara, donde ella misma toma el velo en 1254 y donde vivir\u00e1 santamente. <\/p>\n\n\n\n<p class=\"wp-block-paragraph\"><em>Los Santos, noticia diaria<\/em>. Valeriano Ord\u00f3\u00f1ez, S.J.<\/p>\n\n\n\n<figure class=\"wp-block-embed is-type-video is-provider-youtube wp-block-embed-youtube wp-embed-aspect-16-9 wp-has-aspect-ratio\"><div class=\"wp-block-embed__wrapper\">\n<iframe loading=\"lazy\" title=\"LIBERCAST 4# | El inicio de la batalla cultural: La memoria hist\u00f3rica\" width=\"625\" height=\"352\" src=\"https:\/\/www.youtube.com\/embed\/U_1BJzN4nIY?feature=oembed\" frameborder=\"0\" allow=\"accelerometer; autoplay; clipboard-write; encrypted-media; gyroscope; picture-in-picture; web-share\" referrerpolicy=\"strict-origin-when-cross-origin\" allowfullscreen><\/iframe>\n<\/div><\/figure>\n\n\n<div class=\"wp-block-jetpack-contact-form is-layout-flex wp-container-jetpack-contact-form-is-layout-53c17e14 wp-block-jetpack-contact-form-is-layout-flex\"><a href=\"https:\/\/www.raulmayoral.es\/index.php\/2024\/01\/18\/18-de-enero-santa-prisca-siglo-i\/\" target=\"_blank\" rel=\"noopener noreferrer\">Env\u00eda un formulario.<\/a><\/div>","protected":false},"excerpt":{"rendered":"<p>Cierta confusi\u00f3n se crea en torno al santoral de hoy, pues antiguos documentos hablan de tres Priscas o Priscilas, que podr\u00edan ser distintas. Pero vayamos a San Pablo. El ap\u00f3stol se refiere a esta cristiana que vivi\u00f3 en el alba de la Iglesia, en su Ep\u00edstola a los Romanos, dentro del cap\u00edtulo diecis\u00e9is: \u00abSaludad a [&hellip;]<\/p>\n","protected":false},"author":1,"featured_media":1620,"comment_status":"open","ping_status":"open","sticky":false,"template":"","format":"standard","meta":{"_crdt_document":"","om_disable_all_campaigns":false,"_monsterinsights_skip_tracking":false,"_monsterinsights_sitenote_active":false,"_monsterinsights_sitenote_note":"","_monsterinsights_sitenote_category":0,"_uf_show_specific_survey":0,"_uf_disable_surveys":false,"jetpack_post_was_ever_published":false,"_jetpack_newsletter_access":"","_jetpack_dont_email_post_to_subs":false,"_jetpack_newsletter_tier_id":0,"_jetpack_memberships_contains_paywalled_content":false,"_jetpack_memberships_contains_paid_content":false,"footnotes":"","jetpack_publicize_message":"","jetpack_publicize_feature_enabled":true,"jetpack_social_post_already_shared":true,"jetpack_social_options":{"image_generator_settings":{"template":"highway","default_image_id":0,"font":"","enabled":false},"version":2}},"categories":[32],"tags":[],"class_list":["post-1619","post","type-post","status-publish","format-standard","has-post-thumbnail","hentry","category-santoral"],"aioseo_notices":[],"jetpack_publicize_connections":[],"jetpack_featured_media_url":"https:\/\/i0.wp.com\/www.raulmayoral.es\/wp-content\/uploads\/2024\/01\/18-de-enero.jpg?fit=960%2C502&ssl=1","jetpack-related-posts":[],"jetpack_sharing_enabled":true,"_links":{"self":[{"href":"https:\/\/www.raulmayoral.es\/index.php\/wp-json\/wp\/v2\/posts\/1619","targetHints":{"allow":["GET"]}}],"collection":[{"href":"https:\/\/www.raulmayoral.es\/index.php\/wp-json\/wp\/v2\/posts"}],"about":[{"href":"https:\/\/www.raulmayoral.es\/index.php\/wp-json\/wp\/v2\/types\/post"}],"author":[{"embeddable":true,"href":"https:\/\/www.raulmayoral.es\/index.php\/wp-json\/wp\/v2\/users\/1"}],"replies":[{"embeddable":true,"href":"https:\/\/www.raulmayoral.es\/index.php\/wp-json\/wp\/v2\/comments?post=1619"}],"version-history":[{"count":2,"href":"https:\/\/www.raulmayoral.es\/index.php\/wp-json\/wp\/v2\/posts\/1619\/revisions"}],"predecessor-version":[{"id":3525,"href":"https:\/\/www.raulmayoral.es\/index.php\/wp-json\/wp\/v2\/posts\/1619\/revisions\/3525"}],"wp:featuredmedia":[{"embeddable":true,"href":"https:\/\/www.raulmayoral.es\/index.php\/wp-json\/wp\/v2\/media\/1620"}],"wp:attachment":[{"href":"https:\/\/www.raulmayoral.es\/index.php\/wp-json\/wp\/v2\/media?parent=1619"}],"wp:term":[{"taxonomy":"category","embeddable":true,"href":"https:\/\/www.raulmayoral.es\/index.php\/wp-json\/wp\/v2\/categories?post=1619"},{"taxonomy":"post_tag","embeddable":true,"href":"https:\/\/www.raulmayoral.es\/index.php\/wp-json\/wp\/v2\/tags?post=1619"}],"curies":[{"name":"wp","href":"https:\/\/api.w.org\/{rel}","templated":true}]}}