{"id":1627,"date":"2024-01-19T11:05:08","date_gmt":"2024-01-19T10:05:08","guid":{"rendered":"https:\/\/www.raulmayoral.es\/?p=1627"},"modified":"2026-01-19T13:49:54","modified_gmt":"2026-01-19T12:49:54","slug":"19-de-enero-san-canuto-1040-1086","status":"publish","type":"post","link":"https:\/\/www.raulmayoral.es\/index.php\/2024\/01\/19\/19-de-enero-san-canuto-1040-1086\/","title":{"rendered":"19 de enero. San Canuto (1040-1086)"},"content":{"rendered":"\n<p class=\"wp-block-paragraph\">Es el Patr\u00f3n de Dinamarca. Rey cristiano en una era convulsa, <strong>Canuto <\/strong>surcaba los mares persiguiendo a piratas y termin\u00f3 por invadir Inglaterra, llev\u00e1ndose como bot\u00edn las reliquias de <strong>San Albano<\/strong> depositadas en una iglesia de Odense. Cuando se le proclama rey ofrece su corona a los pies del crucifijo. <\/p>\n\n\n\n<p class=\"wp-block-paragraph\">Cristiano sincero, se esforz\u00f3 con honradez por extinguir el paganismo latente en una Dinamarca que, aunque se hab\u00eda hecho cristiana, sin embargo no hab\u00eda arraigado el cristianismo. Castiga la injusticia, reprime sublevaciones, lucha contra los estonios, pero al mismo tiempo funda hospitales, construye iglesias y monasterios y visita, consuela y colma de limosnas a enfermos y ancianos.<\/p>\n\n\n\n<p class=\"wp-block-paragraph\">Unos rebeldes le tendieron una trampa en la isla de Fiona. Tras fingir que se somet\u00edan, le cercaron junto a un grupo de leales en la iglesia de San Albano. Se confes\u00f3, or\u00f3 arrodillado ante el altar, perdon\u00f3 a sus enemigos y se dispuso a librar su \u00faltima batalla.\u00bfEra posible, entonces, ser rey de Dinamarca y santo? S\u00ed, en un siglo de hierro <strong>San Canuto<\/strong> hizo lo que pudo para ser un soberano a la imagen de Dios. Considerado un m\u00e1rtir, en 1100 el Papa autoriz\u00f3 su culto.<\/p>\n\n\n\n<p class=\"wp-block-paragraph\">Fuente. <em>La casa de los Santos. Un Santo para cada d\u00eda<\/em>. Carlos Pujol y <em>Los Santos, noticia diaria<\/em>. Valeriano Ord\u00f3\u00f1ez, S.J. <\/p>\n\n\n\n<p class=\"wp-block-paragraph\"><strong>San Mario<\/strong><\/p>\n\n\n\n<p class=\"wp-block-paragraph\">De nombre <strong>Maris<\/strong> y de aspecto persa, ha sido recordado, con su esposa <strong>Marta <\/strong>y sus hijos <strong>Audifaz<\/strong> y <strong>Abaco<\/strong>, como la cristiana familia oriental venida a las costas de Italia en trabajo y peregrinaci\u00f3n; pero que es martirizada sangrientamente, cuando ayudaba a los m\u00e1rtires, en persecuciones tan violentas como la que comenz\u00f3 en marzo del a\u00f1o 269 y concluy\u00f3 el 20 de enero del a\u00f1o 270.<\/p>\n\n\n\n<p class=\"wp-block-paragraph\"><em>Los Santos, noticia diaria<\/em>. Valeriano Ord\u00f3\u00f1ez, S.J. <\/p>\n\n\n\n<figure class=\"wp-block-image size-large\"><img data-recalc-dims=\"1\" loading=\"lazy\" decoding=\"async\" width=\"625\" height=\"186\" src=\"https:\/\/i0.wp.com\/www.raulmayoral.es\/wp-content\/uploads\/2024\/01\/marca-LIBERCAST-1.jpeg?resize=625%2C186&#038;ssl=1\" alt=\"\" class=\"wp-image-1629\" srcset=\"https:\/\/i0.wp.com\/www.raulmayoral.es\/wp-content\/uploads\/2024\/01\/marca-LIBERCAST-1.jpeg?resize=1024%2C305&amp;ssl=1 1024w, https:\/\/i0.wp.com\/www.raulmayoral.es\/wp-content\/uploads\/2024\/01\/marca-LIBERCAST-1.jpeg?resize=300%2C89&amp;ssl=1 300w, https:\/\/i0.wp.com\/www.raulmayoral.es\/wp-content\/uploads\/2024\/01\/marca-LIBERCAST-1.jpeg?resize=768%2C229&amp;ssl=1 768w, https:\/\/i0.wp.com\/www.raulmayoral.es\/wp-content\/uploads\/2024\/01\/marca-LIBERCAST-1.jpeg?resize=624%2C186&amp;ssl=1 624w, https:\/\/i0.wp.com\/www.raulmayoral.es\/wp-content\/uploads\/2024\/01\/marca-LIBERCAST-1.jpeg?w=1246&amp;ssl=1 1246w\" sizes=\"auto, (max-width: 625px) 100vw, 625px\" \/><\/figure>\n\n\n\n<p class=\"wp-block-paragraph\">Visita <strong>Libercast<\/strong>, el canal desde el que libramos la batalla cultural y el debate de las ideas por el rearme moral y la defensa de la libertad.<\/p>\n\n\n\n<p class=\"wp-block-paragraph\"><a href=\"https:\/\/www.youtube.com\/@libercast.oficial\/videos\">https:\/\/www.youtube.com\/@libercast.oficial\/videos<\/a><\/p>\n\n\n<div class=\"wp-block-jetpack-contact-form is-layout-flex wp-container-jetpack-contact-form-is-layout-53c17e14 wp-block-jetpack-contact-form-is-layout-flex\"><a href=\"https:\/\/www.raulmayoral.es\/index.php\/2024\/01\/19\/19-de-enero-san-canuto-1040-1086\/\" target=\"_blank\" rel=\"noopener noreferrer\">Env\u00eda un formulario.<\/a><\/div>","protected":false},"excerpt":{"rendered":"<p>Es el Patr\u00f3n de Dinamarca. Rey cristiano en una era convulsa, Canuto surcaba los mares persiguiendo a piratas y termin\u00f3 por invadir Inglaterra, llev\u00e1ndose como bot\u00edn las reliquias de San Albano depositadas en una iglesia de Odense. Cuando se le proclama rey ofrece su corona a los pies del crucifijo. Cristiano sincero, se esforz\u00f3 con [&hellip;]<\/p>\n","protected":false},"author":1,"featured_media":1628,"comment_status":"open","ping_status":"open","sticky":false,"template":"","format":"standard","meta":{"_crdt_document":"","om_disable_all_campaigns":false,"_monsterinsights_skip_tracking":false,"_monsterinsights_sitenote_active":false,"_monsterinsights_sitenote_note":"","_monsterinsights_sitenote_category":0,"_uf_show_specific_survey":0,"_uf_disable_surveys":false,"jetpack_post_was_ever_published":false,"_jetpack_newsletter_access":"","_jetpack_dont_email_post_to_subs":false,"_jetpack_newsletter_tier_id":0,"_jetpack_memberships_contains_paywalled_content":false,"_jetpack_memberships_contains_paid_content":false,"footnotes":"","jetpack_publicize_message":"","jetpack_publicize_feature_enabled":true,"jetpack_social_post_already_shared":true,"jetpack_social_options":{"image_generator_settings":{"template":"highway","default_image_id":0,"font":"","enabled":false},"version":2}},"categories":[32],"tags":[],"class_list":["post-1627","post","type-post","status-publish","format-standard","has-post-thumbnail","hentry","category-santoral"],"aioseo_notices":[],"jetpack_publicize_connections":[],"jetpack_featured_media_url":"https:\/\/i0.wp.com\/www.raulmayoral.es\/wp-content\/uploads\/2024\/01\/19-de-enero.jpg?fit=321%2C320&ssl=1","jetpack-related-posts":[],"jetpack_sharing_enabled":true,"_links":{"self":[{"href":"https:\/\/www.raulmayoral.es\/index.php\/wp-json\/wp\/v2\/posts\/1627","targetHints":{"allow":["GET"]}}],"collection":[{"href":"https:\/\/www.raulmayoral.es\/index.php\/wp-json\/wp\/v2\/posts"}],"about":[{"href":"https:\/\/www.raulmayoral.es\/index.php\/wp-json\/wp\/v2\/types\/post"}],"author":[{"embeddable":true,"href":"https:\/\/www.raulmayoral.es\/index.php\/wp-json\/wp\/v2\/users\/1"}],"replies":[{"embeddable":true,"href":"https:\/\/www.raulmayoral.es\/index.php\/wp-json\/wp\/v2\/comments?post=1627"}],"version-history":[{"count":2,"href":"https:\/\/www.raulmayoral.es\/index.php\/wp-json\/wp\/v2\/posts\/1627\/revisions"}],"predecessor-version":[{"id":3527,"href":"https:\/\/www.raulmayoral.es\/index.php\/wp-json\/wp\/v2\/posts\/1627\/revisions\/3527"}],"wp:featuredmedia":[{"embeddable":true,"href":"https:\/\/www.raulmayoral.es\/index.php\/wp-json\/wp\/v2\/media\/1628"}],"wp:attachment":[{"href":"https:\/\/www.raulmayoral.es\/index.php\/wp-json\/wp\/v2\/media?parent=1627"}],"wp:term":[{"taxonomy":"category","embeddable":true,"href":"https:\/\/www.raulmayoral.es\/index.php\/wp-json\/wp\/v2\/categories?post=1627"},{"taxonomy":"post_tag","embeddable":true,"href":"https:\/\/www.raulmayoral.es\/index.php\/wp-json\/wp\/v2\/tags?post=1627"}],"curies":[{"name":"wp","href":"https:\/\/api.w.org\/{rel}","templated":true}]}}