{"id":1633,"date":"2024-01-20T15:31:45","date_gmt":"2024-01-20T14:31:45","guid":{"rendered":"https:\/\/www.raulmayoral.es\/?p=1633"},"modified":"2026-01-20T08:53:28","modified_gmt":"2026-01-20T07:53:28","slug":"20-de-enero-san-sebastian-siglo-iii","status":"publish","type":"post","link":"https:\/\/www.raulmayoral.es\/index.php\/2024\/01\/20\/20-de-enero-san-sebastian-siglo-iii\/","title":{"rendered":"20 de enero. San Sebasti\u00e1n (siglo III)"},"content":{"rendered":"\n<p class=\"wp-block-paragraph\">La silueta cristiana de <strong>San Sebasti\u00e1n<\/strong> se hace popular a trav\u00e9s del mundo del arte con sus flechas y torso militar. Oficial de la guardia del emperador que, a causa de su fe fue condenado a morir asaetado, <strong>Sebasti\u00e1n<\/strong> logr\u00f3 sobrevivir a sus heridas gracias, seg\u00fan la tradici\u00f3n, a los cuidados de <strong>Santa Irene<\/strong> y se plant\u00f3 ante el tirano, quien le crey\u00f3 un fantasma. De nuevo es condenado a muerte, ahora por flagelaci\u00f3n, siendo su cad\u00e1ver arrojado a la Cloaca M\u00e1xima, el lugar m\u00e1s inmundo de Roma. All\u00ed, su cuerpo ser\u00eda rescatado por los cristianos y enterrado en las catacumbas de la V\u00eda Apia. En su recuerdo, se levant\u00f3 la bas\u00edlica de San Sebasti\u00e1n extramuros.<\/p>\n\n\n\n<p class=\"wp-block-paragraph\">Tercer patr\u00f3n de Roma, tras <strong>San Pedro<\/strong> y <strong>San Pablo<\/strong>, protector de la peste, con infinitas iglesias en el mundo entero, San Sebasti\u00e1n da nombre a una gran ciudad espa\u00f1ola. El Renacimiento inmortaliz\u00f3 universalmente la estampa de su martirio entre el apolo sufriente y el h\u00e9roe cristiano, haciendo de \u00e9l un santo c\u00e9lebre.<\/p>\n\n\n\n<p class=\"wp-block-paragraph\">Su gran panegirista fue <strong>San Ambrosio<\/strong>: \u00abAprovechemos el ejemplo del m\u00e1rtir San Sebasti\u00e1n. cuya fiesta celebramos hoy. Era oriundo de Mil\u00e1n y march\u00f3 a Roma en tiempo en tiempo en que la fe sufr\u00eda  all\u00ed una terrible persecuci\u00f3n. All\u00ed padeci\u00f3; mejor dicho, all\u00ed fue coronado\u00bb.<\/p>\n\n\n\n<p class=\"wp-block-paragraph\">Fuente. <em>La casa de los Santos. Un Santo para cada d\u00eda<\/em>. Carlos Pujol y <em>Los Santos, noticia diaria<\/em>. Valeriano Ord\u00f3\u00f1ez, S.J.<\/p>\n\n\n\n<p class=\"wp-block-paragraph\"><strong>San Fabi\u00e1n<\/strong><\/p>\n\n\n\n<p class=\"wp-block-paragraph\">Seglar en el momento de su designaci\u00f3n como Papa el a\u00f1o 236. <strong>Fabi\u00e1n<\/strong> aprovecha intervalos de calma y de paz, especialmente durante el imperio de <strong>Filipo el Arabe<\/strong>, para la organizaci\u00f3n de la vida social de la Iglesia, distribuyendo Roma en siete regiones, cada una con un di\u00e1cono al frente.<\/p>\n\n\n\n<p class=\"wp-block-paragraph\">Marcha a la isla de Cerde\u00f1a para traer el cuerpo de su predecesor m\u00e1rtir <strong>San Ponciano <\/strong>y enterrarlo en la cripta papal del cementerio de San Calixto. El prestigio de <strong>San Fabi\u00e1n <\/strong>era inmenso. En la persecuci\u00f3n de <strong>Decio<\/strong>, que prefer\u00eda antes un rival en el Imperio que a Fabi\u00e1n en Roma, cae entre los primeros el 20 de enero del a\u00f1o 250. <\/p>\n\n\n\n<p class=\"wp-block-paragraph\"><strong>San Fructuoso y San Augurio <\/strong><\/p>\n\n\n\n<p class=\"wp-block-paragraph\">Son apresados en Tarragona por ser cristianos el a\u00f1o 259. <strong>Fructuoso<\/strong> es el obispo; <strong>Augurio<\/strong>, di\u00e1cono. Con ellos tambi\u00e9n otro di\u00e1cono: <strong>Eulogio<\/strong>. <\/p>\n\n\n\n<p class=\"wp-block-paragraph\">Fructuoso lleno de contento ante la corona que el Se\u00f1or le preparaba, ora sin interrupci\u00f3n. \u00abYo adoro tambi\u00e9n al Dios omnipotente\u00bb, repite Augurio en el juicio y con \u00e9l, Fructuoso y Eulogio. El juez <strong>Emiliano<\/strong>, cumpliendo la orden persecutoria de los emperadores <strong>Valeriano<\/strong> y <strong>Galieno<\/strong>, los condena a la hoguera en el anfiteatro. <\/p>\n\n\n\n<p class=\"wp-block-paragraph\">Al entrar en el anfiteatro, se les acerca un cristiano y pide a <strong>San Fructuoso<\/strong> que se acuerde de \u00e9l en las oraciones. Este le responde: \u00abYo he de acordarme de toda la Iglesia cat\u00f3lica, esparcida de Oriente a Occidente\u00bb. Los testigos describen: \u00abYa en la hoguera, al quemarse las cuerdas con que ten\u00edan atadas las manos, gozosos, y conforme a la costumbre, se ponen de rodillas con los brazos en cruz; y seguros de la resurrecci\u00f3n, representando as\u00ed el triunfo del Se\u00f1or, entregan su vida en medio de la oraci\u00f3n\u00bb.  <\/p>\n\n\n\n<p class=\"wp-block-paragraph\"><em>Los Santos, noticia diaria<\/em>. Valeriano Ord\u00f3\u00f1ez, S.J.<\/p>\n\n\n\n<p class=\"wp-block-paragraph\"><\/p>\n\n\n\n<p class=\"wp-block-paragraph\"><strong><em>Libercast<\/em><\/strong>, el espacio donde librar la batalla de las ideas por el rearme moral y la defensa de la libertad.<\/p>\n\n\n\n<p class=\"wp-block-paragraph\"><a href=\"https:\/\/www.youtube.com\/@libercast.oficial\/videos\">https:\/\/www.youtube.com\/@libercast.oficial\/videos<\/a><\/p>\n\n\n<div class=\"wp-block-jetpack-contact-form is-layout-flex wp-container-jetpack-contact-form-is-layout-53c17e14 wp-block-jetpack-contact-form-is-layout-flex\"><a href=\"https:\/\/www.raulmayoral.es\/index.php\/2024\/01\/20\/20-de-enero-san-sebastian-siglo-iii\/\" target=\"_blank\" rel=\"noopener noreferrer\">Env\u00eda un formulario.<\/a><\/div>","protected":false},"excerpt":{"rendered":"<p>La silueta cristiana de San Sebasti\u00e1n se hace popular a trav\u00e9s del mundo del arte con sus flechas y torso militar. Oficial de la guardia del emperador que, a causa de su fe fue condenado a morir asaetado, Sebasti\u00e1n logr\u00f3 sobrevivir a sus heridas gracias, seg\u00fan la tradici\u00f3n, a los cuidados de Santa Irene y [&hellip;]<\/p>\n","protected":false},"author":1,"featured_media":1634,"comment_status":"open","ping_status":"open","sticky":false,"template":"","format":"standard","meta":{"_crdt_document":"","om_disable_all_campaigns":false,"_monsterinsights_skip_tracking":false,"_monsterinsights_sitenote_active":false,"_monsterinsights_sitenote_note":"","_monsterinsights_sitenote_category":0,"_uf_show_specific_survey":0,"_uf_disable_surveys":false,"jetpack_post_was_ever_published":false,"_jetpack_newsletter_access":"","_jetpack_dont_email_post_to_subs":false,"_jetpack_newsletter_tier_id":0,"_jetpack_memberships_contains_paywalled_content":false,"_jetpack_memberships_contains_paid_content":false,"footnotes":"","jetpack_publicize_message":"","jetpack_publicize_feature_enabled":true,"jetpack_social_post_already_shared":true,"jetpack_social_options":{"image_generator_settings":{"template":"highway","default_image_id":0,"font":"","enabled":false},"version":2}},"categories":[32],"tags":[],"class_list":["post-1633","post","type-post","status-publish","format-standard","has-post-thumbnail","hentry","category-santoral"],"aioseo_notices":[],"jetpack_publicize_connections":[],"jetpack_featured_media_url":"https:\/\/i0.wp.com\/www.raulmayoral.es\/wp-content\/uploads\/2024\/01\/20-de-enero.jpg?fit=976%2C649&ssl=1","jetpack-related-posts":[],"jetpack_sharing_enabled":true,"_links":{"self":[{"href":"https:\/\/www.raulmayoral.es\/index.php\/wp-json\/wp\/v2\/posts\/1633","targetHints":{"allow":["GET"]}}],"collection":[{"href":"https:\/\/www.raulmayoral.es\/index.php\/wp-json\/wp\/v2\/posts"}],"about":[{"href":"https:\/\/www.raulmayoral.es\/index.php\/wp-json\/wp\/v2\/types\/post"}],"author":[{"embeddable":true,"href":"https:\/\/www.raulmayoral.es\/index.php\/wp-json\/wp\/v2\/users\/1"}],"replies":[{"embeddable":true,"href":"https:\/\/www.raulmayoral.es\/index.php\/wp-json\/wp\/v2\/comments?post=1633"}],"version-history":[{"count":2,"href":"https:\/\/www.raulmayoral.es\/index.php\/wp-json\/wp\/v2\/posts\/1633\/revisions"}],"predecessor-version":[{"id":3529,"href":"https:\/\/www.raulmayoral.es\/index.php\/wp-json\/wp\/v2\/posts\/1633\/revisions\/3529"}],"wp:featuredmedia":[{"embeddable":true,"href":"https:\/\/www.raulmayoral.es\/index.php\/wp-json\/wp\/v2\/media\/1634"}],"wp:attachment":[{"href":"https:\/\/www.raulmayoral.es\/index.php\/wp-json\/wp\/v2\/media?parent=1633"}],"wp:term":[{"taxonomy":"category","embeddable":true,"href":"https:\/\/www.raulmayoral.es\/index.php\/wp-json\/wp\/v2\/categories?post=1633"},{"taxonomy":"post_tag","embeddable":true,"href":"https:\/\/www.raulmayoral.es\/index.php\/wp-json\/wp\/v2\/tags?post=1633"}],"curies":[{"name":"wp","href":"https:\/\/api.w.org\/{rel}","templated":true}]}}