{"id":1637,"date":"2024-01-21T10:56:58","date_gmt":"2024-01-21T09:56:58","guid":{"rendered":"https:\/\/www.raulmayoral.es\/?p=1637"},"modified":"2026-01-21T17:00:51","modified_gmt":"2026-01-21T16:00:51","slug":"21-de-enero-santa-ines-304","status":"publish","type":"post","link":"https:\/\/www.raulmayoral.es\/index.php\/2024\/01\/21\/21-de-enero-santa-ines-304\/","title":{"rendered":"21 de enero. Santa In\u00e9s (&#8230; -304)"},"content":{"rendered":"\n<p class=\"wp-block-paragraph\">M\u00e1rtir muy venerada en Roma, sepultada en el cementerio de la V\u00eda Nomentana, quiz\u00e1s donde estuvo la casa de sus padres, y donde m\u00e1s tarde se erigi\u00f3 una iglesia en su honor, <strong>In\u00e9s<\/strong>, en otras lenguas Agnese, Agn\u00e9s, es la doncella del cordero, Agnus, caracterizada por la pureza y la intrepidez. De familia cristiana, a la edad de doce a\u00f1os se consagra a <strong>Dios<\/strong>; iba a cumplir trece a\u00f1os cuando es detenida por ser cristiana. y posteriormente muere por decapitaci\u00f3n, por negarse, dicen sin mucho fundamento, a ser conducida a un lupanar donde su cabellera cubri\u00f3 milagrosamente su cuerpo.<\/p>\n\n\n\n<p class=\"wp-block-paragraph\">Esta ni\u00f1a, que lo ser\u00e1 eternamente, ocupa un privilegiado lugar en la santidad de la Cristiandad. Prueba de ello son el epitafio de <strong>San D\u00e1maso<\/strong>, los elogios de <strong>San Ambrosio<\/strong> (\u00abVa coronada no de flores, sino de gracia y castidad\u00bb), los versos de <strong>Prudencio<\/strong> y la novela del cardenal <strong>Wiseman,<\/strong> Fabiola. En Santa Agnese, iglesia de la plaza Navona, obra de <strong>Borromini<\/strong>, se conserva a\u00fan su cr\u00e1neo. <\/p>\n\n\n\n<p class=\"wp-block-paragraph\">Fuente. <em>La casa de los Santos. Un Santo para cada d\u00eda<\/em>. Carlos Pujol.<\/p>\n\n\n\n<p class=\"wp-block-paragraph\"><strong>San Meinardo<\/strong><\/p>\n\n\n\n<p class=\"wp-block-paragraph\">Dejando en Suabia el esplendor de la Casa Real de los Hohenzollern, <strong>Meinardo <\/strong>se ordena sacerdote el a\u00f1o 861; y al a\u00f1o siguiente entra en la abad\u00eda de Reichenen donde destac\u00f3 por sus estudios de literatura y Sagrada Escritura.<\/p>\n\n\n\n<p class=\"wp-block-paragraph\">A\u00f1os despu\u00e9s marcha desde el monasterio de Bollingen hasta Suiza, para hacer vida solitaria de oraci\u00f3n y penitencia en el Monte Etzel, junto al Lago de Zurich. El Santuario de Nuestra Se\u00f1ora de Einhedeln mantendr\u00e1 a lo largo de los siglos el recuerdo de su vida sana, truncada violentamente por unos bandidos.  <\/p>\n\n\n\n<p class=\"wp-block-paragraph\"><em>Los Santos, noticia diaria<\/em>. Valeriano Ord\u00f3\u00f1ez, S.J.<\/p>\n\n\n\n<p class=\"wp-block-paragraph\">Visita <strong>Libercast<\/strong>, el canal donde librar la defensa de la libertad y el rearme moral.<\/p>\n\n\n\n<figure class=\"wp-block-embed is-type-video is-provider-youtube wp-block-embed-youtube wp-embed-aspect-16-9 wp-has-aspect-ratio\"><div class=\"wp-block-embed__wrapper\">\n<iframe loading=\"lazy\" title=\"LIBERCAST 3# | El inicio de la batalla cultural: La ideolog\u00eda de g\u00e9nero\" width=\"625\" height=\"352\" src=\"https:\/\/www.youtube.com\/embed\/Kb_LJRz897s?feature=oembed\" frameborder=\"0\" allow=\"accelerometer; autoplay; clipboard-write; encrypted-media; gyroscope; picture-in-picture; web-share\" referrerpolicy=\"strict-origin-when-cross-origin\" allowfullscreen><\/iframe>\n<\/div><\/figure>\n\n\n<div class=\"wp-block-jetpack-subscriptions__supports-newline wp-block-jetpack-subscriptions\">\n\t\t<div>\n\t\t\t<div>\n\t\t\t\t<div>\n\t\t\t\t\t<p >\n\t\t\t\t\t\t<a href=\"https:\/\/www.raulmayoral.es\/?post_type=post&#038;p=1637\" style=\"font-size: 16px;padding: 15px 23px 15px 23px;margin: 0; margin-left: 10px;border-radius: 0px;border-width: 1px; background-color: #113AF5; color: #FFFFFF; text-decoration: none; white-space: nowrap; margin-left: 0\">Suscribirse<\/a>\n\t\t\t\t\t<\/p>\n\t\t\t\t<\/div>\n\t\t\t<\/div>\n\t\t<\/div>\n\t<\/div>","protected":false},"excerpt":{"rendered":"<p>M\u00e1rtir muy venerada en Roma, sepultada en el cementerio de la V\u00eda Nomentana, quiz\u00e1s donde estuvo la casa de sus padres, y donde m\u00e1s tarde se erigi\u00f3 una iglesia en su honor, In\u00e9s, en otras lenguas Agnese, Agn\u00e9s, es la doncella del cordero, Agnus, caracterizada por la pureza y la intrepidez. De familia cristiana, a [&hellip;]<\/p>\n","protected":false},"author":1,"featured_media":1638,"comment_status":"open","ping_status":"open","sticky":false,"template":"","format":"standard","meta":{"_crdt_document":"","om_disable_all_campaigns":false,"_monsterinsights_skip_tracking":false,"_monsterinsights_sitenote_active":false,"_monsterinsights_sitenote_note":"","_monsterinsights_sitenote_category":0,"_uf_show_specific_survey":0,"_uf_disable_surveys":false,"jetpack_post_was_ever_published":false,"_jetpack_newsletter_access":"","_jetpack_dont_email_post_to_subs":false,"_jetpack_newsletter_tier_id":0,"_jetpack_memberships_contains_paywalled_content":false,"_jetpack_memberships_contains_paid_content":false,"footnotes":"","jetpack_publicize_message":"","jetpack_publicize_feature_enabled":true,"jetpack_social_post_already_shared":true,"jetpack_social_options":{"image_generator_settings":{"template":"highway","default_image_id":0,"font":"","enabled":false},"version":2}},"categories":[32],"tags":[],"class_list":["post-1637","post","type-post","status-publish","format-standard","has-post-thumbnail","hentry","category-santoral"],"aioseo_notices":[],"jetpack_publicize_connections":[],"jetpack_featured_media_url":"https:\/\/i0.wp.com\/www.raulmayoral.es\/wp-content\/uploads\/2024\/01\/21-de-enero.jpg?fit=155%2C155&ssl=1","jetpack-related-posts":[],"jetpack_sharing_enabled":true,"_links":{"self":[{"href":"https:\/\/www.raulmayoral.es\/index.php\/wp-json\/wp\/v2\/posts\/1637","targetHints":{"allow":["GET"]}}],"collection":[{"href":"https:\/\/www.raulmayoral.es\/index.php\/wp-json\/wp\/v2\/posts"}],"about":[{"href":"https:\/\/www.raulmayoral.es\/index.php\/wp-json\/wp\/v2\/types\/post"}],"author":[{"embeddable":true,"href":"https:\/\/www.raulmayoral.es\/index.php\/wp-json\/wp\/v2\/users\/1"}],"replies":[{"embeddable":true,"href":"https:\/\/www.raulmayoral.es\/index.php\/wp-json\/wp\/v2\/comments?post=1637"}],"version-history":[{"count":2,"href":"https:\/\/www.raulmayoral.es\/index.php\/wp-json\/wp\/v2\/posts\/1637\/revisions"}],"predecessor-version":[{"id":3531,"href":"https:\/\/www.raulmayoral.es\/index.php\/wp-json\/wp\/v2\/posts\/1637\/revisions\/3531"}],"wp:featuredmedia":[{"embeddable":true,"href":"https:\/\/www.raulmayoral.es\/index.php\/wp-json\/wp\/v2\/media\/1638"}],"wp:attachment":[{"href":"https:\/\/www.raulmayoral.es\/index.php\/wp-json\/wp\/v2\/media?parent=1637"}],"wp:term":[{"taxonomy":"category","embeddable":true,"href":"https:\/\/www.raulmayoral.es\/index.php\/wp-json\/wp\/v2\/categories?post=1637"},{"taxonomy":"post_tag","embeddable":true,"href":"https:\/\/www.raulmayoral.es\/index.php\/wp-json\/wp\/v2\/tags?post=1637"}],"curies":[{"name":"wp","href":"https:\/\/api.w.org\/{rel}","templated":true}]}}