{"id":1759,"date":"2024-02-11T18:25:18","date_gmt":"2024-02-11T17:25:18","guid":{"rendered":"https:\/\/www.raulmayoral.es\/?p=1759"},"modified":"2024-02-11T19:48:25","modified_gmt":"2024-02-11T18:48:25","slug":"11-de-febrero-nuestra-senora-de-lourdes","status":"publish","type":"post","link":"https:\/\/www.raulmayoral.es\/index.php\/2024\/02\/11\/11-de-febrero-nuestra-senora-de-lourdes\/","title":{"rendered":"11 de febrero. Nuestra Se\u00f1ora de Lourdes"},"content":{"rendered":"\n<p class=\"wp-block-paragraph\">\u00abYo soy la Inmaculada Concepci\u00f3n\u00bb. As\u00ed respondi\u00f3 el 25 de marzo de 1858 (en su decimosexta aparici\u00f3n) la Se\u00f1ora a <strong>Bernadette<\/strong> ante la petici\u00f3n de \u00e9sta de que revelara su nombre. Unos a\u00f1os antes, el&nbsp;8 de diciembre&nbsp;de&nbsp;1854, se hab\u00eda proclamado solemnemente el&nbsp;dogma&nbsp;cat\u00f3lico&nbsp;de la Inmaculada Concepci\u00f3n de la Virgen Mar\u00eda.<\/p>\n\n\n\n<p class=\"wp-block-paragraph\">Fueron varios los interrogatorios a los que se someti\u00f3 a <strong>Bernadette Soubirous<\/strong>\u00a0(1844-1879), una adolescente pobre y analfabeta de catorce a\u00f1os,\u00a0ante la autoridad eclesi\u00e1stica. Bernadette sostuvo con firmeza haber presenciado dieciocho apariciones de una Se\u00f1ora, que dijo ser la Inmaculada Concepci\u00f3n, en la gruta de Massabielle, a orillas del r\u00edo\u00a0Gave de Pau, en las afueras de la poblaci\u00f3n de\u00a0Lourdes,\u00a0Francia, en las estribaciones de los\u00a0Pirineos, entre el 11 de febrero y el 16 de julio de 1858. Fue el obispo de Tarbes, quien el\u00a018 de enero\u00a0de\u00a01862, public\u00f3 la carta pastoral con la cual declar\u00f3 que \u00abla Inmaculada Madre de Dios se ha aparecido verdaderamente a Bernardita\u00bb. En ese mismo a\u00f1o, el Papa\u00a0<strong>P\u00edo IX<\/strong>\u00a0autoriz\u00f3 al obispo local para que permitiera la veneraci\u00f3n de la Virgen Mar\u00eda en Lourdes. <\/p>\n\n\n\n<p class=\"wp-block-paragraph\">Desde entonces, los milagros en forma de curaciones de enfermos en el cuerpo y en el alma as\u00ed como en forma de conversiones al Evangelio no han cesado de manar de aquella gruta mariana. Conversiones como la de aquel curioso m\u00e9dico que, tras acompa\u00f1ar a varios enfermos al santuario, se convirti\u00f3 y termin\u00f3 escribiendo un libro, <em>El viaje a Lourdes<\/em> en el que confirm\u00f3 que \u00abes el catolicismo que, desgraciadamente, no he comprendido, el que me ha dado m\u00e1s satisfacci\u00f3n\u00bb.<\/p>\n\n\n\n<p class=\"wp-block-paragraph\"><strong>Libercast<\/strong>, el espacio donde librar la batalla cultural. <a href=\"https:\/\/www.youtube.com\/@libercast.oficial\/videos\" title=\"\">https:\/\/www.youtube.com\/@libercast.oficial\/videos<\/a><\/p>\n\n\n\n<p class=\"wp-block-paragraph\"><\/p>\n","protected":false},"excerpt":{"rendered":"<p>\u00abYo soy la Inmaculada Concepci\u00f3n\u00bb. As\u00ed respondi\u00f3 el 25 de marzo de 1858 (en su decimosexta aparici\u00f3n) la Se\u00f1ora a Bernadette ante la petici\u00f3n de \u00e9sta de que revelara su nombre. Unos a\u00f1os antes, el&nbsp;8 de diciembre&nbsp;de&nbsp;1854, se hab\u00eda proclamado solemnemente el&nbsp;dogma&nbsp;cat\u00f3lico&nbsp;de la Inmaculada Concepci\u00f3n de la Virgen Mar\u00eda. Fueron varios los interrogatorios a los [&hellip;]<\/p>\n","protected":false},"author":1,"featured_media":1760,"comment_status":"open","ping_status":"open","sticky":false,"template":"","format":"standard","meta":{"_crdt_document":"","om_disable_all_campaigns":false,"_monsterinsights_skip_tracking":false,"_monsterinsights_sitenote_active":false,"_monsterinsights_sitenote_note":"","_monsterinsights_sitenote_category":0,"_uf_show_specific_survey":0,"_uf_disable_surveys":false,"jetpack_post_was_ever_published":false,"_jetpack_newsletter_access":"","_jetpack_dont_email_post_to_subs":false,"_jetpack_newsletter_tier_id":0,"_jetpack_memberships_contains_paywalled_content":false,"_jetpack_memberships_contains_paid_content":false,"footnotes":"","jetpack_publicize_message":"","jetpack_publicize_feature_enabled":true,"jetpack_social_post_already_shared":false,"jetpack_social_options":{"image_generator_settings":{"template":"highway","default_image_id":0,"font":"","enabled":false},"version":2}},"categories":[32],"tags":[],"class_list":["post-1759","post","type-post","status-publish","format-standard","has-post-thumbnail","hentry","category-santoral"],"aioseo_notices":[],"jetpack_publicize_connections":[],"jetpack_featured_media_url":"https:\/\/i0.wp.com\/www.raulmayoral.es\/wp-content\/uploads\/2024\/02\/11-de-febrero.jpg?fit=486%2C501&ssl=1","jetpack-related-posts":[],"jetpack_sharing_enabled":true,"_links":{"self":[{"href":"https:\/\/www.raulmayoral.es\/index.php\/wp-json\/wp\/v2\/posts\/1759","targetHints":{"allow":["GET"]}}],"collection":[{"href":"https:\/\/www.raulmayoral.es\/index.php\/wp-json\/wp\/v2\/posts"}],"about":[{"href":"https:\/\/www.raulmayoral.es\/index.php\/wp-json\/wp\/v2\/types\/post"}],"author":[{"embeddable":true,"href":"https:\/\/www.raulmayoral.es\/index.php\/wp-json\/wp\/v2\/users\/1"}],"replies":[{"embeddable":true,"href":"https:\/\/www.raulmayoral.es\/index.php\/wp-json\/wp\/v2\/comments?post=1759"}],"version-history":[{"count":2,"href":"https:\/\/www.raulmayoral.es\/index.php\/wp-json\/wp\/v2\/posts\/1759\/revisions"}],"predecessor-version":[{"id":1763,"href":"https:\/\/www.raulmayoral.es\/index.php\/wp-json\/wp\/v2\/posts\/1759\/revisions\/1763"}],"wp:featuredmedia":[{"embeddable":true,"href":"https:\/\/www.raulmayoral.es\/index.php\/wp-json\/wp\/v2\/media\/1760"}],"wp:attachment":[{"href":"https:\/\/www.raulmayoral.es\/index.php\/wp-json\/wp\/v2\/media?parent=1759"}],"wp:term":[{"taxonomy":"category","embeddable":true,"href":"https:\/\/www.raulmayoral.es\/index.php\/wp-json\/wp\/v2\/categories?post=1759"},{"taxonomy":"post_tag","embeddable":true,"href":"https:\/\/www.raulmayoral.es\/index.php\/wp-json\/wp\/v2\/tags?post=1759"}],"curies":[{"name":"wp","href":"https:\/\/api.w.org\/{rel}","templated":true}]}}