{"id":1779,"date":"2024-02-14T10:54:12","date_gmt":"2024-02-14T09:54:12","guid":{"rendered":"https:\/\/www.raulmayoral.es\/?p=1779"},"modified":"2024-02-14T10:54:15","modified_gmt":"2024-02-14T09:54:15","slug":"14-de-febrero-san-cirilo-827-869-y-san-metodio-815-885","status":"publish","type":"post","link":"https:\/\/www.raulmayoral.es\/index.php\/2024\/02\/14\/14-de-febrero-san-cirilo-827-869-y-san-metodio-815-885\/","title":{"rendered":"14 de febrero. San Cirilo (827-869) y San Metodio (815-885)"},"content":{"rendered":"\n<p class=\"wp-block-paragraph\">S\u00ed, sabemos que tambi\u00e9n se celebra <strong>San Valent\u00edn<\/strong> (&#8230; &#8211; 273), pero como millones de enamoradas personas invocar\u00e1n hoy a este m\u00e1rtir tan popular y protector del amor, sacerdote romano que muri\u00f3 decapitado, nosotros recordaremos a dos hermanos de Sal\u00f3nica: <strong>Cirilo<\/strong>, que ense\u00f1a en la Universidad de Constantinopla, bajo el sobrenombre de \u00abel fil\u00f3sofo\u00bb y <strong>Metodio<\/strong>, gobernador de una provincia del Imperio bizantino.<\/p>\n\n\n\n<p class=\"wp-block-paragraph\">Ambos santos representan el saber y el poder, la cultura y el mando, las dos columnas de la civilizaci\u00f3n. Sin embargo, no se conforman con lo terrenal y aspiran a lo espiritual, orden\u00e1ndose sacerdotes, como San Valent\u00edn. Enviados primero a Crimea en misi\u00f3n mitad religiosa, mitad pol\u00edtica: asegurar la paz en las fronteras imperiales, posteriormente, asumen la empresa de evangelizar Moravia. All\u00ed propagan r\u00e1pidamente el cristianismo. Incluso, Cirilo inventa una escritura para el eslavo, que despu\u00e9s dar\u00eda lugar al alfabeto cir\u00edlico. Traducen los Evangelios a dicha lengua que utilizan en la liturgia.<\/p>\n\n\n\n<p class=\"wp-block-paragraph\">Llegan los conflictos. Pol\u00e9micas con obispos alemanes, cisma de Focio&#8230; Ambos hermanos acuden a Roma. All\u00ed muere Cirilo. El Papa <strong>Adriano II <\/strong>consagra obispo a Metodio, quien sigue bregando con los prelados alemanes, sufre cautiverio y ve prohibida la liturgia eslava, pero, al fin, \u00e9sta resulta autorizada por el Papa <strong>Juan VIII<\/strong>.<\/p>\n\n\n\n<p class=\"wp-block-paragraph\">Checos, croatas, serbios y b\u00falgaros reconocen a <strong>San Cirilo<\/strong> y <strong>San Metodio<\/strong> como padres en la fe, en la lengua y en la cultura. Desde 1981, estos dos griegos cultos, civilizad\u00edsimos y apost\u00f3licos son copatrones de Europa. Apoy\u00e1ndose en la raz\u00f3n de Estado, misionaron extendiendo la raz\u00f3n de Dios. Igual que San Valent\u00edn.<\/p>\n\n\n\n<p class=\"wp-block-paragraph\">Fuente. <em>La casa de los Santos. Un Santo para cada d\u00eda.<\/em> Carlos Pujol. <\/p>\n\n\n\n<p class=\"wp-block-paragraph\"><strong>Libercast<\/strong>: el espacio donde se libra la batalla cultural, por el rearme moral y la defensa de la libertad.<\/p>\n\n\n\n<figure class=\"wp-block-image size-large\"><img data-recalc-dims=\"1\" loading=\"lazy\" decoding=\"async\" width=\"625\" height=\"176\" src=\"https:\/\/i0.wp.com\/www.raulmayoral.es\/wp-content\/uploads\/2024\/02\/cabecera-Libercast.jpg?resize=625%2C176&#038;ssl=1\" alt=\"\" class=\"wp-image-1781\" srcset=\"https:\/\/i0.wp.com\/www.raulmayoral.es\/wp-content\/uploads\/2024\/02\/cabecera-Libercast.jpg?resize=1024%2C288&amp;ssl=1 1024w, https:\/\/i0.wp.com\/www.raulmayoral.es\/wp-content\/uploads\/2024\/02\/cabecera-Libercast.jpg?resize=300%2C84&amp;ssl=1 300w, https:\/\/i0.wp.com\/www.raulmayoral.es\/wp-content\/uploads\/2024\/02\/cabecera-Libercast.jpg?resize=768%2C216&amp;ssl=1 768w, https:\/\/i0.wp.com\/www.raulmayoral.es\/wp-content\/uploads\/2024\/02\/cabecera-Libercast.jpg?resize=624%2C175&amp;ssl=1 624w, https:\/\/i0.wp.com\/www.raulmayoral.es\/wp-content\/uploads\/2024\/02\/cabecera-Libercast.jpg?w=1252&amp;ssl=1 1252w\" sizes=\"auto, (max-width: 625px) 100vw, 625px\" \/><\/figure>\n","protected":false},"excerpt":{"rendered":"<p>S\u00ed, sabemos que tambi\u00e9n se celebra San Valent\u00edn (&#8230; &#8211; 273), pero como millones de enamoradas personas invocar\u00e1n hoy a este m\u00e1rtir tan popular y protector del amor, sacerdote romano que muri\u00f3 decapitado, nosotros recordaremos a dos hermanos de Sal\u00f3nica: Cirilo, que ense\u00f1a en la Universidad de Constantinopla, bajo el sobrenombre de \u00abel fil\u00f3sofo\u00bb y [&hellip;]<\/p>\n","protected":false},"author":1,"featured_media":1780,"comment_status":"open","ping_status":"open","sticky":false,"template":"","format":"standard","meta":{"_crdt_document":"","om_disable_all_campaigns":false,"_monsterinsights_skip_tracking":false,"_monsterinsights_sitenote_active":false,"_monsterinsights_sitenote_note":"","_monsterinsights_sitenote_category":0,"_uf_show_specific_survey":0,"_uf_disable_surveys":false,"jetpack_post_was_ever_published":false,"_jetpack_newsletter_access":"","_jetpack_dont_email_post_to_subs":false,"_jetpack_newsletter_tier_id":0,"_jetpack_memberships_contains_paywalled_content":false,"_jetpack_memberships_contains_paid_content":false,"footnotes":"","jetpack_publicize_message":"","jetpack_publicize_feature_enabled":true,"jetpack_social_post_already_shared":false,"jetpack_social_options":{"image_generator_settings":{"template":"highway","default_image_id":0,"font":"","enabled":false},"version":2}},"categories":[32],"tags":[],"class_list":["post-1779","post","type-post","status-publish","format-standard","has-post-thumbnail","hentry","category-santoral"],"aioseo_notices":[],"jetpack_publicize_connections":[],"jetpack_featured_media_url":"https:\/\/i0.wp.com\/www.raulmayoral.es\/wp-content\/uploads\/2024\/02\/14-de-febrero.jpg?fit=700%2C264&ssl=1","jetpack-related-posts":[],"jetpack_sharing_enabled":true,"_links":{"self":[{"href":"https:\/\/www.raulmayoral.es\/index.php\/wp-json\/wp\/v2\/posts\/1779","targetHints":{"allow":["GET"]}}],"collection":[{"href":"https:\/\/www.raulmayoral.es\/index.php\/wp-json\/wp\/v2\/posts"}],"about":[{"href":"https:\/\/www.raulmayoral.es\/index.php\/wp-json\/wp\/v2\/types\/post"}],"author":[{"embeddable":true,"href":"https:\/\/www.raulmayoral.es\/index.php\/wp-json\/wp\/v2\/users\/1"}],"replies":[{"embeddable":true,"href":"https:\/\/www.raulmayoral.es\/index.php\/wp-json\/wp\/v2\/comments?post=1779"}],"version-history":[{"count":1,"href":"https:\/\/www.raulmayoral.es\/index.php\/wp-json\/wp\/v2\/posts\/1779\/revisions"}],"predecessor-version":[{"id":1782,"href":"https:\/\/www.raulmayoral.es\/index.php\/wp-json\/wp\/v2\/posts\/1779\/revisions\/1782"}],"wp:featuredmedia":[{"embeddable":true,"href":"https:\/\/www.raulmayoral.es\/index.php\/wp-json\/wp\/v2\/media\/1780"}],"wp:attachment":[{"href":"https:\/\/www.raulmayoral.es\/index.php\/wp-json\/wp\/v2\/media?parent=1779"}],"wp:term":[{"taxonomy":"category","embeddable":true,"href":"https:\/\/www.raulmayoral.es\/index.php\/wp-json\/wp\/v2\/categories?post=1779"},{"taxonomy":"post_tag","embeddable":true,"href":"https:\/\/www.raulmayoral.es\/index.php\/wp-json\/wp\/v2\/tags?post=1779"}],"curies":[{"name":"wp","href":"https:\/\/api.w.org\/{rel}","templated":true}]}}