{"id":1783,"date":"2024-02-15T12:25:13","date_gmt":"2024-02-15T11:25:13","guid":{"rendered":"https:\/\/www.raulmayoral.es\/?p=1783"},"modified":"2024-02-15T12:25:18","modified_gmt":"2024-02-15T11:25:18","slug":"15-de-febrero-santos-faustino-y-jovita-siglo-ii","status":"publish","type":"post","link":"https:\/\/www.raulmayoral.es\/index.php\/2024\/02\/15\/15-de-febrero-santos-faustino-y-jovita-siglo-ii\/","title":{"rendered":"15 de febrero. Santos Faustino y Jovita (siglo II)"},"content":{"rendered":"\n<p class=\"wp-block-paragraph\">Dos hermanos varones, naturales de la regi\u00f3n lombarda de Brescia, que una vez ordenados de sacerdote (<strong>Faustino<\/strong>) y de di\u00e1cono (<strong>Jovita)<\/strong>, se dedicaron a predicar la fe cristiana logrando numerosas conversiones.<\/p>\n\n\n\n<p class=\"wp-block-paragraph\">Al principio de las persecuciones, hubo m\u00e1s halagos y promesas que amenazas. Si daban culto a los dioses del Imperio, ambos hermanos gozar\u00edan de fortuna y altos cargos. Con ese fin, fueron llevados al Templo del Sol, espacio grandioso que mostraba la riqueza saturada de oro y piedras preciosas ofrecida a aqu\u00e9l dios al que ellos deb\u00edan adorar. Pero Faustino y Jovita se arrodillaron para rezar al \u00fanico Dios vivo y al instante, todo se cubri\u00f3 de holl\u00edn. Cuando los servidores del templo se dispon\u00edan a limpiar la estatua endiosada, se les deshizo en las manos hasta quedar reducida a cenizas.<\/p>\n\n\n\n<p class=\"wp-block-paragraph\">Acusados de sacrilegio, los dos cristianos fueron entregados al verdugo y degollados junto a una puerta de Brescia que da al camino de Cremona. <\/p>\n\n\n\n<p class=\"wp-block-paragraph\">Fuente. <em>La casa de los Santos. Un Santo para cada d\u00eda.<\/em> Carlos Pujol.<\/p>\n\n\n\n<figure class=\"wp-block-image size-large\"><img data-recalc-dims=\"1\" loading=\"lazy\" decoding=\"async\" width=\"625\" height=\"176\" src=\"https:\/\/i0.wp.com\/www.raulmayoral.es\/wp-content\/uploads\/2024\/02\/cabecera-Libercast-1.jpg?resize=625%2C176&#038;ssl=1\" alt=\"\" class=\"wp-image-1785\" srcset=\"https:\/\/i0.wp.com\/www.raulmayoral.es\/wp-content\/uploads\/2024\/02\/cabecera-Libercast-1.jpg?resize=1024%2C288&amp;ssl=1 1024w, https:\/\/i0.wp.com\/www.raulmayoral.es\/wp-content\/uploads\/2024\/02\/cabecera-Libercast-1.jpg?resize=300%2C84&amp;ssl=1 300w, https:\/\/i0.wp.com\/www.raulmayoral.es\/wp-content\/uploads\/2024\/02\/cabecera-Libercast-1.jpg?resize=768%2C216&amp;ssl=1 768w, https:\/\/i0.wp.com\/www.raulmayoral.es\/wp-content\/uploads\/2024\/02\/cabecera-Libercast-1.jpg?resize=624%2C175&amp;ssl=1 624w, https:\/\/i0.wp.com\/www.raulmayoral.es\/wp-content\/uploads\/2024\/02\/cabecera-Libercast-1.jpg?w=1252&amp;ssl=1 1252w\" sizes=\"auto, (max-width: 625px) 100vw, 625px\" \/><\/figure>\n\n\n\n<p class=\"wp-block-paragraph\"><\/p>\n","protected":false},"excerpt":{"rendered":"<p>Dos hermanos varones, naturales de la regi\u00f3n lombarda de Brescia, que una vez ordenados de sacerdote (Faustino) y de di\u00e1cono (Jovita), se dedicaron a predicar la fe cristiana logrando numerosas conversiones. Al principio de las persecuciones, hubo m\u00e1s halagos y promesas que amenazas. Si daban culto a los dioses del Imperio, ambos hermanos gozar\u00edan de [&hellip;]<\/p>\n","protected":false},"author":1,"featured_media":1784,"comment_status":"open","ping_status":"open","sticky":false,"template":"","format":"standard","meta":{"_crdt_document":"","om_disable_all_campaigns":false,"_monsterinsights_skip_tracking":false,"_monsterinsights_sitenote_active":false,"_monsterinsights_sitenote_note":"","_monsterinsights_sitenote_category":0,"_uf_show_specific_survey":0,"_uf_disable_surveys":false,"jetpack_post_was_ever_published":false,"_jetpack_newsletter_access":"","_jetpack_dont_email_post_to_subs":false,"_jetpack_newsletter_tier_id":0,"_jetpack_memberships_contains_paywalled_content":false,"_jetpack_memberships_contains_paid_content":false,"footnotes":"","jetpack_publicize_message":"","jetpack_publicize_feature_enabled":true,"jetpack_social_post_already_shared":false,"jetpack_social_options":{"image_generator_settings":{"template":"highway","default_image_id":0,"font":"","enabled":false},"version":2}},"categories":[32],"tags":[],"class_list":["post-1783","post","type-post","status-publish","format-standard","has-post-thumbnail","hentry","category-santoral"],"aioseo_notices":[],"jetpack_publicize_connections":[],"jetpack_featured_media_url":"https:\/\/i0.wp.com\/www.raulmayoral.es\/wp-content\/uploads\/2024\/02\/15-de-febrero.jpg?fit=640%2C480&ssl=1","jetpack-related-posts":[],"jetpack_sharing_enabled":true,"_links":{"self":[{"href":"https:\/\/www.raulmayoral.es\/index.php\/wp-json\/wp\/v2\/posts\/1783","targetHints":{"allow":["GET"]}}],"collection":[{"href":"https:\/\/www.raulmayoral.es\/index.php\/wp-json\/wp\/v2\/posts"}],"about":[{"href":"https:\/\/www.raulmayoral.es\/index.php\/wp-json\/wp\/v2\/types\/post"}],"author":[{"embeddable":true,"href":"https:\/\/www.raulmayoral.es\/index.php\/wp-json\/wp\/v2\/users\/1"}],"replies":[{"embeddable":true,"href":"https:\/\/www.raulmayoral.es\/index.php\/wp-json\/wp\/v2\/comments?post=1783"}],"version-history":[{"count":1,"href":"https:\/\/www.raulmayoral.es\/index.php\/wp-json\/wp\/v2\/posts\/1783\/revisions"}],"predecessor-version":[{"id":1786,"href":"https:\/\/www.raulmayoral.es\/index.php\/wp-json\/wp\/v2\/posts\/1783\/revisions\/1786"}],"wp:featuredmedia":[{"embeddable":true,"href":"https:\/\/www.raulmayoral.es\/index.php\/wp-json\/wp\/v2\/media\/1784"}],"wp:attachment":[{"href":"https:\/\/www.raulmayoral.es\/index.php\/wp-json\/wp\/v2\/media?parent=1783"}],"wp:term":[{"taxonomy":"category","embeddable":true,"href":"https:\/\/www.raulmayoral.es\/index.php\/wp-json\/wp\/v2\/categories?post=1783"},{"taxonomy":"post_tag","embeddable":true,"href":"https:\/\/www.raulmayoral.es\/index.php\/wp-json\/wp\/v2\/tags?post=1783"}],"curies":[{"name":"wp","href":"https:\/\/api.w.org\/{rel}","templated":true}]}}