{"id":1897,"date":"2024-03-01T13:18:29","date_gmt":"2024-03-01T12:18:29","guid":{"rendered":"https:\/\/www.raulmayoral.es\/?p=1897"},"modified":"2024-03-01T13:19:01","modified_gmt":"2024-03-01T12:19:01","slug":"la-jerarquia-de-kold","status":"publish","type":"post","link":"https:\/\/www.raulmayoral.es\/index.php\/2024\/03\/01\/la-jerarquia-de-kold\/","title":{"rendered":"La jerarqu\u00eda de Koldo"},"content":{"rendered":"\n<p class=\"wp-block-paragraph\">En su obra <em>Introducci\u00f3n a la filosof\u00eda pol\u00edtica. Democracia y revoluci\u00f3n<\/em>, <strong>Raymond Aron&nbsp;<\/strong>analiza las caracter\u00edsticas de las llamadas democracias populares, aquella sem\u00e1ntica de fabricaci\u00f3n sovi\u00e9tica, neutralizada con pensamiento, precisamente, popular como es el sabio refranero castellano: \u201cdime de qu\u00e9 presumes y te dir\u00e9 de qu\u00e9 careces\u201d.&nbsp;La idea central de aquellas imposturas del otro lado del tel\u00f3n de acero era&nbsp;la noci\u00f3n de que un partido, y solo uno, tiene el derecho de existir, fen\u00f3meno que comporta el monopolio ideol\u00f3gico por ese partido, as\u00ed como la eliminaci\u00f3n de los partidos rivales, en tanto que pretendan sustituir al que ocupe el poder. Ligado al principio de partido \u00fanico, existe un segundo elemento propio de las democracias populares: el sistema de propaganda para el uso de las masas, propaganda, que est\u00e1 efectivamente a favor del r\u00e9gimen establecido. El tercer rasgo es la reconstituci\u00f3n de un orden social, de una jerarqu\u00eda por raz\u00f3n de la funci\u00f3n, del cargo y no de la persona.<\/p>\n\n\n\n<p class=\"wp-block-paragraph\">Desde el advenimiento de la democracia en Espa\u00f1a, la trayectoria pol\u00edtica del PSOE se ha visto salpicada por asombrosas ilegalidades de muchos de sus dirigentes. Las fechor\u00edas mas escandalosas perpetradas por socialistas han sido los denominados como casos <strong>Flick<\/strong>, (financiaci\u00f3n ilegal), Filesa, Malesa y Time-Export (m\u00e1s financiaci\u00f3n ilegal), GAL (terrorismo de Estado), ERE (corrupci\u00f3n) y, el rabiosamente actual, caso <strong>Koldo<\/strong>. Estos modos de proceder revelan que cada cierto tiempo el socialismo espa\u00f1ol sale de excursi\u00f3n por los Cerros de Ubeda. Se echa al monte (la cabra siempre tira para all\u00e1), y pone el caser\u00f3n patrio patas arriba, levantando una polvareda de indignaci\u00f3n al emplear m\u00e9todos m\u00e1s expeditivos, e incluso, delictivos que democr\u00e1ticos.<\/p>\n\n\n\n<p class=\"wp-block-paragraph\">Con <strong>S\u00e1nchez<\/strong> al frente del PSOE y tambi\u00e9n del Gobierno de Espa\u00f1a y con la \u00faltima tropel\u00eda cometida por el socialismo se est\u00e1 evidenciando la concurrencia en la pol\u00edtica nacional de los tres rasgos propios de aquellas democracias populares, seg\u00fan las describi\u00f3 Aron: El primero: solo un partido, el socialista, tiene derecho a existir, en su imprescindible doble tarea de zorro que guarda el corral ante el peligro de la extrema derecha, y de transmisor de un odio cainita contagiado a sus votantes, inducidos a soportar su propio perjuicio antes que permitir un Gobierno de la derecha. &nbsp;El segundo: medios de comunicaci\u00f3n que escriben al dictado del aspirante a partido \u00fanico, vertiendo propaganda y manipulando la informaci\u00f3n. El tercero: maquillar con lustre jer\u00e1rquico a tipos como <strong>Abalos<\/strong>, <strong>Cerd\u00e1n<\/strong>, <strong>Koldo<\/strong> o el mism\u00edsimo <strong>S\u00e1nchez<\/strong>, quienes fuera de la pol\u00edtica carecer\u00edan de toda  jerarqu\u00eda. <\/p>\n\n\n\n<p class=\"wp-block-paragraph\">Fuente gr\u00e1fica: Mundiario. RR.SS. \/ F.R.<\/p>\n\n\n\n<p class=\"wp-block-paragraph\"><\/p>\n\n\n\n<p class=\"wp-block-paragraph\"><strong>Libercast<\/strong>: Donde libramos la batalla cultural por el rearme moral y la defensa de la libertad.<\/p>\n\n\n\n<p class=\"wp-block-paragraph\"><a href=\"https:\/\/youtube.com\/@libercast.oficial?si=iYlcXJ_WsAjFLiEy\" title=\"\">https:\/\/youtube.com\/@libercast.oficial?si=iYlcXJ_WsAjFLiEy<\/a><\/p>\n","protected":false},"excerpt":{"rendered":"<p>En su obra Introducci\u00f3n a la filosof\u00eda pol\u00edtica. Democracia y revoluci\u00f3n, Raymond Aron&nbsp;analiza las caracter\u00edsticas de las llamadas democracias populares, aquella sem\u00e1ntica de fabricaci\u00f3n sovi\u00e9tica, neutralizada con pensamiento, precisamente, popular como es el sabio refranero castellano: \u201cdime de qu\u00e9 presumes y te dir\u00e9 de qu\u00e9 careces\u201d.&nbsp;La idea central de aquellas imposturas del otro lado del [&hellip;]<\/p>\n","protected":false},"author":1,"featured_media":1898,"comment_status":"open","ping_status":"open","sticky":false,"template":"","format":"standard","meta":{"_crdt_document":"","om_disable_all_campaigns":false,"_monsterinsights_skip_tracking":false,"_monsterinsights_sitenote_active":false,"_monsterinsights_sitenote_note":"","_monsterinsights_sitenote_category":0,"_uf_show_specific_survey":0,"_uf_disable_surveys":false,"jetpack_post_was_ever_published":false,"_jetpack_newsletter_access":"","_jetpack_dont_email_post_to_subs":false,"_jetpack_newsletter_tier_id":0,"_jetpack_memberships_contains_paywalled_content":false,"_jetpack_memberships_contains_paid_content":false,"footnotes":"","jetpack_publicize_message":"","jetpack_publicize_feature_enabled":true,"jetpack_social_post_already_shared":false,"jetpack_social_options":{"image_generator_settings":{"template":"highway","default_image_id":0,"font":"","enabled":false},"version":2}},"categories":[34],"tags":[],"class_list":["post-1897","post","type-post","status-publish","format-standard","has-post-thumbnail","hentry","category-pasando-revista"],"aioseo_notices":[],"jetpack_publicize_connections":[],"jetpack_featured_media_url":"https:\/\/i0.wp.com\/www.raulmayoral.es\/wp-content\/uploads\/2024\/03\/la-jerarquia-de-Koldo-1.jpg?fit=640%2C480&ssl=1","jetpack-related-posts":[],"jetpack_sharing_enabled":true,"_links":{"self":[{"href":"https:\/\/www.raulmayoral.es\/index.php\/wp-json\/wp\/v2\/posts\/1897","targetHints":{"allow":["GET"]}}],"collection":[{"href":"https:\/\/www.raulmayoral.es\/index.php\/wp-json\/wp\/v2\/posts"}],"about":[{"href":"https:\/\/www.raulmayoral.es\/index.php\/wp-json\/wp\/v2\/types\/post"}],"author":[{"embeddable":true,"href":"https:\/\/www.raulmayoral.es\/index.php\/wp-json\/wp\/v2\/users\/1"}],"replies":[{"embeddable":true,"href":"https:\/\/www.raulmayoral.es\/index.php\/wp-json\/wp\/v2\/comments?post=1897"}],"version-history":[{"count":2,"href":"https:\/\/www.raulmayoral.es\/index.php\/wp-json\/wp\/v2\/posts\/1897\/revisions"}],"predecessor-version":[{"id":1901,"href":"https:\/\/www.raulmayoral.es\/index.php\/wp-json\/wp\/v2\/posts\/1897\/revisions\/1901"}],"wp:featuredmedia":[{"embeddable":true,"href":"https:\/\/www.raulmayoral.es\/index.php\/wp-json\/wp\/v2\/media\/1898"}],"wp:attachment":[{"href":"https:\/\/www.raulmayoral.es\/index.php\/wp-json\/wp\/v2\/media?parent=1897"}],"wp:term":[{"taxonomy":"category","embeddable":true,"href":"https:\/\/www.raulmayoral.es\/index.php\/wp-json\/wp\/v2\/categories?post=1897"},{"taxonomy":"post_tag","embeddable":true,"href":"https:\/\/www.raulmayoral.es\/index.php\/wp-json\/wp\/v2\/tags?post=1897"}],"curies":[{"name":"wp","href":"https:\/\/api.w.org\/{rel}","templated":true}]}}