{"id":1902,"date":"2024-03-01T20:54:40","date_gmt":"2024-03-01T19:54:40","guid":{"rendered":"https:\/\/www.raulmayoral.es\/?p=1902"},"modified":"2024-03-01T20:54:42","modified_gmt":"2024-03-01T19:54:42","slug":"1-de-marzo-san-david-de-gales-siglo-vi","status":"publish","type":"post","link":"https:\/\/www.raulmayoral.es\/index.php\/2024\/03\/01\/1-de-marzo-san-david-de-gales-siglo-vi\/","title":{"rendered":"1 de marzo. San David de Gales (siglo VI)"},"content":{"rendered":"\n<p class=\"wp-block-paragraph\">Nacido en el condado de Cardigan, el santo nacional de los galeses, <strong>Dewi<\/strong>, as\u00ed era su verdadero nombre, pertenec\u00eda a la familia de los reyes de Cambria. Disc\u00edpulo indirecto de <strong>San Germ\u00e1n de Auxerre<\/strong>, peregrin\u00f3 a Jerusal\u00e9n y a su regreso fue consagrado obispo de la antigua Menevia, hoy Saint David, en el condado de Pembroke.<\/p>\n\n\n\n<p class=\"wp-block-paragraph\">Fund\u00f3 una docena de monasterios, comunidades muy estrictas, de ah\u00ed que a <strong>San David<\/strong> se le conociera como el <em>waterman<\/em>, el hombre del agua, el abstemio. Particip\u00f3 con relevancia en el Concilio de Cardigan, en el que se le reconoci\u00f3 como primado de Gales. <\/p>\n\n\n\n<p class=\"wp-block-paragraph\">En cierta ocasi\u00f3n, predicando San David en un s\u00ednodo contra los pelagianos, la tierra se levant\u00f3 bajo sus pies y la paloma del Esp\u00edritu Santo fue a posarse sobre su hombro, manifest\u00e1ndose as\u00ed visiblemente que por su boca hablaba la verdad.  En el a\u00f1o 962, sus reliquias se trasladar\u00edan a Glanstonbury extendi\u00e9ndose su culto por Gales del sur y la Breta\u00f1a francesa.<\/p>\n\n\n\n<p class=\"wp-block-paragraph\">Fuente: <em>La casa de los Satos. Un Santo para cada d\u00eda<\/em>. Carlos Pujol.<\/p>\n\n\n\n<figure class=\"wp-block-image size-large\"><img data-recalc-dims=\"1\" loading=\"lazy\" decoding=\"async\" width=\"625\" height=\"176\" src=\"https:\/\/i0.wp.com\/www.raulmayoral.es\/wp-content\/uploads\/2024\/03\/cabecera-Libercast-1.jpg?resize=625%2C176&#038;ssl=1\" alt=\"\" class=\"wp-image-1904\" srcset=\"https:\/\/i0.wp.com\/www.raulmayoral.es\/wp-content\/uploads\/2024\/03\/cabecera-Libercast-1.jpg?resize=1024%2C288&amp;ssl=1 1024w, https:\/\/i0.wp.com\/www.raulmayoral.es\/wp-content\/uploads\/2024\/03\/cabecera-Libercast-1.jpg?resize=300%2C84&amp;ssl=1 300w, https:\/\/i0.wp.com\/www.raulmayoral.es\/wp-content\/uploads\/2024\/03\/cabecera-Libercast-1.jpg?resize=768%2C216&amp;ssl=1 768w, https:\/\/i0.wp.com\/www.raulmayoral.es\/wp-content\/uploads\/2024\/03\/cabecera-Libercast-1.jpg?resize=624%2C175&amp;ssl=1 624w, https:\/\/i0.wp.com\/www.raulmayoral.es\/wp-content\/uploads\/2024\/03\/cabecera-Libercast-1.jpg?w=1252&amp;ssl=1 1252w\" sizes=\"auto, (max-width: 625px) 100vw, 625px\" \/><\/figure>\n\n\n\n<p class=\"wp-block-paragraph\"><\/p>\n","protected":false},"excerpt":{"rendered":"<p>Nacido en el condado de Cardigan, el santo nacional de los galeses, Dewi, as\u00ed era su verdadero nombre, pertenec\u00eda a la familia de los reyes de Cambria. Disc\u00edpulo indirecto de San Germ\u00e1n de Auxerre, peregrin\u00f3 a Jerusal\u00e9n y a su regreso fue consagrado obispo de la antigua Menevia, hoy Saint David, en el condado de [&hellip;]<\/p>\n","protected":false},"author":1,"featured_media":1903,"comment_status":"open","ping_status":"open","sticky":false,"template":"","format":"standard","meta":{"_crdt_document":"","om_disable_all_campaigns":false,"_monsterinsights_skip_tracking":false,"_monsterinsights_sitenote_active":false,"_monsterinsights_sitenote_note":"","_monsterinsights_sitenote_category":0,"_uf_show_specific_survey":0,"_uf_disable_surveys":false,"jetpack_post_was_ever_published":false,"_jetpack_newsletter_access":"","_jetpack_dont_email_post_to_subs":false,"_jetpack_newsletter_tier_id":0,"_jetpack_memberships_contains_paywalled_content":false,"_jetpack_memberships_contains_paid_content":false,"footnotes":"","jetpack_publicize_message":"","jetpack_publicize_feature_enabled":true,"jetpack_social_post_already_shared":false,"jetpack_social_options":{"image_generator_settings":{"template":"highway","default_image_id":0,"font":"","enabled":false},"version":2}},"categories":[32],"tags":[],"class_list":["post-1902","post","type-post","status-publish","format-standard","has-post-thumbnail","hentry","category-santoral"],"aioseo_notices":[],"jetpack_publicize_connections":[],"jetpack_featured_media_url":"https:\/\/i0.wp.com\/www.raulmayoral.es\/wp-content\/uploads\/2024\/03\/1-marzo.jpg?fit=313%2C161&ssl=1","jetpack-related-posts":[],"jetpack_sharing_enabled":true,"_links":{"self":[{"href":"https:\/\/www.raulmayoral.es\/index.php\/wp-json\/wp\/v2\/posts\/1902","targetHints":{"allow":["GET"]}}],"collection":[{"href":"https:\/\/www.raulmayoral.es\/index.php\/wp-json\/wp\/v2\/posts"}],"about":[{"href":"https:\/\/www.raulmayoral.es\/index.php\/wp-json\/wp\/v2\/types\/post"}],"author":[{"embeddable":true,"href":"https:\/\/www.raulmayoral.es\/index.php\/wp-json\/wp\/v2\/users\/1"}],"replies":[{"embeddable":true,"href":"https:\/\/www.raulmayoral.es\/index.php\/wp-json\/wp\/v2\/comments?post=1902"}],"version-history":[{"count":1,"href":"https:\/\/www.raulmayoral.es\/index.php\/wp-json\/wp\/v2\/posts\/1902\/revisions"}],"predecessor-version":[{"id":1905,"href":"https:\/\/www.raulmayoral.es\/index.php\/wp-json\/wp\/v2\/posts\/1902\/revisions\/1905"}],"wp:featuredmedia":[{"embeddable":true,"href":"https:\/\/www.raulmayoral.es\/index.php\/wp-json\/wp\/v2\/media\/1903"}],"wp:attachment":[{"href":"https:\/\/www.raulmayoral.es\/index.php\/wp-json\/wp\/v2\/media?parent=1902"}],"wp:term":[{"taxonomy":"category","embeddable":true,"href":"https:\/\/www.raulmayoral.es\/index.php\/wp-json\/wp\/v2\/categories?post=1902"},{"taxonomy":"post_tag","embeddable":true,"href":"https:\/\/www.raulmayoral.es\/index.php\/wp-json\/wp\/v2\/tags?post=1902"}],"curies":[{"name":"wp","href":"https:\/\/api.w.org\/{rel}","templated":true}]}}