{"id":1906,"date":"2024-03-02T11:32:10","date_gmt":"2024-03-02T10:32:10","guid":{"rendered":"https:\/\/www.raulmayoral.es\/?p=1906"},"modified":"2024-03-02T11:32:12","modified_gmt":"2024-03-02T10:32:12","slug":"2-de-marzo-san-ceada-672","status":"publish","type":"post","link":"https:\/\/www.raulmayoral.es\/index.php\/2024\/03\/02\/2-de-marzo-san-ceada-672\/","title":{"rendered":"2 de marzo. San Ceada (&#8230; &#8211; 672)"},"content":{"rendered":"\n<p class=\"wp-block-paragraph\">De una familia del norte de Inglaterra, cantera de obispos y monjes piadosos, <strong>Ceada<\/strong>, tambi\u00e9n conocido por <strong>Ceado<\/strong> y <strong>Chad<\/strong>, fue un hombre santo y humild\u00edsimo, docto en las Escrituras y lleno de af\u00e1n por practicar cuanto le\u00eda en ellas. Fue disc\u00edpulo de <strong>San Aid\u00e1n <\/strong>en Lindisfarne y sucedi\u00f3 a su hermano <strong>Ced<\/strong> al frente de la abad\u00eda de Lastingham, en el Yorkshire.<\/p>\n\n\n\n<p class=\"wp-block-paragraph\">Posteriormente, fue consagrado obispo de York, pero al surgir dudas acerca de la licitud can\u00f3nica del nombramiento, <strong>San Ceada<\/strong>, con su proverbial humildad, renunci\u00f3 a la sede episcopal para volver a Lastingham sin una protesta ni un reproche, porque la obediencia era el mayor de sus derechos. M\u00e1s tarde, fue nombrado obispo de Lichfield, en cuya di\u00f3cesis fue arquetipo de piedad y celo. Como los ap\u00f3stoles, iba siempre a pie, nunca a caballo.<\/p>\n\n\n\n<p class=\"wp-block-paragraph\">Uno de sus rasgos m\u00e1s peculiares era el temor de Dios, uno de los dones del Esp\u00edritu Santo, en el que debe verse, no miedo ni superstici\u00f3n, sino la sensibilidad de quien capta las celestiales amonestaciones. Siempre vio en la naturaleza un lenguaje de Dios, un c\u00famulo de signos misteriosos para su Gloria y nuestra santidad.<\/p>\n\n\n\n<p class=\"wp-block-paragraph\">Fuente: <em>La casa de los Santos. Un Santo para cada d\u00eda.<\/em> Carlos Pujol.<\/p>\n\n\n\n<p class=\"wp-block-paragraph\">\u00bfNo conoces a\u00fan <strong>Libercast<\/strong>? Ven y ver\u00e1s. Donde se libra la batalla cultural por la defensa de la libertad y el rearme moral.  <a href=\"https:\/\/www.youtube.com\/@libercast.oficial\" title=\"\">https:\/\/www.youtube.com\/@libercast.oficial<\/a><\/p>\n\n\n\n<p class=\"wp-block-paragraph\"><\/p>\n\n\n\n<p class=\"wp-block-paragraph\"><\/p>\n","protected":false},"excerpt":{"rendered":"<p>De una familia del norte de Inglaterra, cantera de obispos y monjes piadosos, Ceada, tambi\u00e9n conocido por Ceado y Chad, fue un hombre santo y humild\u00edsimo, docto en las Escrituras y lleno de af\u00e1n por practicar cuanto le\u00eda en ellas. Fue disc\u00edpulo de San Aid\u00e1n en Lindisfarne y sucedi\u00f3 a su hermano Ced al frente [&hellip;]<\/p>\n","protected":false},"author":1,"featured_media":1907,"comment_status":"open","ping_status":"open","sticky":false,"template":"","format":"standard","meta":{"_crdt_document":"","om_disable_all_campaigns":false,"_monsterinsights_skip_tracking":false,"_monsterinsights_sitenote_active":false,"_monsterinsights_sitenote_note":"","_monsterinsights_sitenote_category":0,"_uf_show_specific_survey":0,"_uf_disable_surveys":false,"jetpack_post_was_ever_published":false,"_jetpack_newsletter_access":"","_jetpack_dont_email_post_to_subs":false,"_jetpack_newsletter_tier_id":0,"_jetpack_memberships_contains_paywalled_content":false,"_jetpack_memberships_contains_paid_content":false,"footnotes":"","jetpack_publicize_message":"","jetpack_publicize_feature_enabled":true,"jetpack_social_post_already_shared":false,"jetpack_social_options":{"image_generator_settings":{"template":"highway","default_image_id":0,"font":"","enabled":false},"version":2}},"categories":[32],"tags":[],"class_list":["post-1906","post","type-post","status-publish","format-standard","has-post-thumbnail","hentry","category-santoral"],"aioseo_notices":[],"jetpack_publicize_connections":[],"jetpack_featured_media_url":"https:\/\/i0.wp.com\/www.raulmayoral.es\/wp-content\/uploads\/2024\/03\/2-marzo.jpg?fit=200%2C200&ssl=1","jetpack-related-posts":[],"jetpack_sharing_enabled":true,"_links":{"self":[{"href":"https:\/\/www.raulmayoral.es\/index.php\/wp-json\/wp\/v2\/posts\/1906","targetHints":{"allow":["GET"]}}],"collection":[{"href":"https:\/\/www.raulmayoral.es\/index.php\/wp-json\/wp\/v2\/posts"}],"about":[{"href":"https:\/\/www.raulmayoral.es\/index.php\/wp-json\/wp\/v2\/types\/post"}],"author":[{"embeddable":true,"href":"https:\/\/www.raulmayoral.es\/index.php\/wp-json\/wp\/v2\/users\/1"}],"replies":[{"embeddable":true,"href":"https:\/\/www.raulmayoral.es\/index.php\/wp-json\/wp\/v2\/comments?post=1906"}],"version-history":[{"count":1,"href":"https:\/\/www.raulmayoral.es\/index.php\/wp-json\/wp\/v2\/posts\/1906\/revisions"}],"predecessor-version":[{"id":1908,"href":"https:\/\/www.raulmayoral.es\/index.php\/wp-json\/wp\/v2\/posts\/1906\/revisions\/1908"}],"wp:featuredmedia":[{"embeddable":true,"href":"https:\/\/www.raulmayoral.es\/index.php\/wp-json\/wp\/v2\/media\/1907"}],"wp:attachment":[{"href":"https:\/\/www.raulmayoral.es\/index.php\/wp-json\/wp\/v2\/media?parent=1906"}],"wp:term":[{"taxonomy":"category","embeddable":true,"href":"https:\/\/www.raulmayoral.es\/index.php\/wp-json\/wp\/v2\/categories?post=1906"},{"taxonomy":"post_tag","embeddable":true,"href":"https:\/\/www.raulmayoral.es\/index.php\/wp-json\/wp\/v2\/tags?post=1906"}],"curies":[{"name":"wp","href":"https:\/\/api.w.org\/{rel}","templated":true}]}}