{"id":1909,"date":"2024-03-03T11:52:51","date_gmt":"2024-03-03T10:52:51","guid":{"rendered":"https:\/\/www.raulmayoral.es\/?p=1909"},"modified":"2024-03-03T11:52:53","modified_gmt":"2024-03-03T10:52:53","slug":"3-de-marzo-san-emeterio-y-san-celedonio-295","status":"publish","type":"post","link":"https:\/\/www.raulmayoral.es\/index.php\/2024\/03\/03\/3-de-marzo-san-emeterio-y-san-celedonio-295\/","title":{"rendered":"3 de marzo. San Emeterio y San Celedonio (&#8230; &#8211; 295)"},"content":{"rendered":"\n<p class=\"wp-block-paragraph\">Son los dos soldados m\u00e1rtires de Calahorra. No es seguro de que nacieran all\u00ed. Tampoco de que fueran hermanos. Pero se sabe que militaban en la Legi\u00f3n VII Gemina P\u00eda F\u00e9lix, acampada cerca de la actual Le\u00f3n, y que a causa de su fe, fueron degollados en el antiguo arenal que ba\u00f1aba el r\u00edo Cidacos. <\/p>\n\n\n\n<p class=\"wp-block-paragraph\">Antes de su muerte, permanecieron largo tiempo en prisi\u00f3n, pero ni la c\u00e1rcel ni las amenazas, ni siquiera las torturas menguaron su marcialidad en la creencia en Dios. \u00abYa es tiempo de dar a Dios lo que pertenece a Dios\u00bb, dec\u00edan, y seg\u00fan las actas, agregaron con lenguaje belicoso: \u00abQue nuestra vibrante confesi\u00f3n de fe hiera como una jabalina al enemigo all\u00ed donde se encuentre\u00bb. Usando la fe como met\u00e1fora militar, resulta curioso que \u00abcomo una jabalina\u00bb, es traducci\u00f3n libre de <em>missilibus<\/em>, es decir, al modo de un arma arrojadiza. Hoy empleamos la palabra misil para designar armas arrojadizas mucho m\u00e1s devastadoras que una jabalina.<\/p>\n\n\n\n<p class=\"wp-block-paragraph\">Aunque las autoridades de la \u00e9poca prohibieron con graves penas que la historia de <strong>Emeterio<\/strong> y <strong>Celedonio<\/strong> se pusiera por escrito, sus nombres nos han llegado en voz de <strong>San Isidoro<\/strong>, <strong>San Eulogio<\/strong> y sobre todo, en los himnos de su paisano, el poeta <strong>Prudencio<\/strong>. Cuentan que al morir, se vio subir por el aire, derechos al Cielo, el anillo de San Emeterio y el pa\u00f1uelo de San Celedonio, s\u00edmbolos visibles de su gloria. Su culto se extendi\u00f3 por el norte de Espa\u00f1a y por el Mediod\u00eda franc\u00e9s. Son patronos de Calahorra, en cuya catedral se conservan sus reliquias. <\/p>\n\n\n\n<p class=\"wp-block-paragraph\">Fuente. <em>La casa de los Santos. Un Santo para cada d\u00eda<\/em>. Carlos Pujol<\/p>\n\n\n\n<p class=\"wp-block-paragraph\">No dejes de librar ni un solo d\u00eda la batalla cultural, por el rearme moral y al defensa de la libertad. P\u00e1sate por<strong> Libercast<\/strong>. <a href=\"https:\/\/www.youtube.com\/@libercast.oficial\/featured\" title=\"\">https:\/\/www.youtube.com\/@libercast.oficial\/featured<\/a><\/p>\n","protected":false},"excerpt":{"rendered":"<p>Son los dos soldados m\u00e1rtires de Calahorra. No es seguro de que nacieran all\u00ed. Tampoco de que fueran hermanos. Pero se sabe que militaban en la Legi\u00f3n VII Gemina P\u00eda F\u00e9lix, acampada cerca de la actual Le\u00f3n, y que a causa de su fe, fueron degollados en el antiguo arenal que ba\u00f1aba el r\u00edo Cidacos. [&hellip;]<\/p>\n","protected":false},"author":1,"featured_media":1910,"comment_status":"open","ping_status":"closed","sticky":false,"template":"","format":"standard","meta":{"_crdt_document":"","om_disable_all_campaigns":false,"_monsterinsights_skip_tracking":false,"_monsterinsights_sitenote_active":false,"_monsterinsights_sitenote_note":"","_monsterinsights_sitenote_category":0,"_uf_show_specific_survey":0,"_uf_disable_surveys":false,"jetpack_post_was_ever_published":false,"_jetpack_newsletter_access":"","_jetpack_dont_email_post_to_subs":false,"_jetpack_newsletter_tier_id":0,"_jetpack_memberships_contains_paywalled_content":false,"_jetpack_memberships_contains_paid_content":false,"footnotes":"","jetpack_publicize_message":"","jetpack_publicize_feature_enabled":true,"jetpack_social_post_already_shared":false,"jetpack_social_options":{"image_generator_settings":{"template":"highway","default_image_id":0,"font":"","enabled":false},"version":2}},"categories":[32],"tags":[],"class_list":["post-1909","post","type-post","status-publish","format-standard","has-post-thumbnail","hentry","category-santoral"],"aioseo_notices":[],"jetpack_publicize_connections":[],"jetpack_featured_media_url":"https:\/\/i0.wp.com\/www.raulmayoral.es\/wp-content\/uploads\/2024\/03\/3-de-marzo.jpg?fit=226%2C325&ssl=1","jetpack-related-posts":[],"jetpack_sharing_enabled":true,"_links":{"self":[{"href":"https:\/\/www.raulmayoral.es\/index.php\/wp-json\/wp\/v2\/posts\/1909","targetHints":{"allow":["GET"]}}],"collection":[{"href":"https:\/\/www.raulmayoral.es\/index.php\/wp-json\/wp\/v2\/posts"}],"about":[{"href":"https:\/\/www.raulmayoral.es\/index.php\/wp-json\/wp\/v2\/types\/post"}],"author":[{"embeddable":true,"href":"https:\/\/www.raulmayoral.es\/index.php\/wp-json\/wp\/v2\/users\/1"}],"replies":[{"embeddable":true,"href":"https:\/\/www.raulmayoral.es\/index.php\/wp-json\/wp\/v2\/comments?post=1909"}],"version-history":[{"count":1,"href":"https:\/\/www.raulmayoral.es\/index.php\/wp-json\/wp\/v2\/posts\/1909\/revisions"}],"predecessor-version":[{"id":1911,"href":"https:\/\/www.raulmayoral.es\/index.php\/wp-json\/wp\/v2\/posts\/1909\/revisions\/1911"}],"wp:featuredmedia":[{"embeddable":true,"href":"https:\/\/www.raulmayoral.es\/index.php\/wp-json\/wp\/v2\/media\/1910"}],"wp:attachment":[{"href":"https:\/\/www.raulmayoral.es\/index.php\/wp-json\/wp\/v2\/media?parent=1909"}],"wp:term":[{"taxonomy":"category","embeddable":true,"href":"https:\/\/www.raulmayoral.es\/index.php\/wp-json\/wp\/v2\/categories?post=1909"},{"taxonomy":"post_tag","embeddable":true,"href":"https:\/\/www.raulmayoral.es\/index.php\/wp-json\/wp\/v2\/tags?post=1909"}],"curies":[{"name":"wp","href":"https:\/\/api.w.org\/{rel}","templated":true}]}}