{"id":1916,"date":"2024-03-05T22:22:09","date_gmt":"2024-03-05T21:22:09","guid":{"rendered":"https:\/\/www.raulmayoral.es\/?p=1916"},"modified":"2024-03-05T22:22:11","modified_gmt":"2024-03-05T21:22:11","slug":"5-de-marzo-san-focas-320","status":"publish","type":"post","link":"https:\/\/www.raulmayoral.es\/index.php\/2024\/03\/05\/5-de-marzo-san-focas-320\/","title":{"rendered":"5 de marzo. San Focas (&#8230; &#8211; \u00bf320?)"},"content":{"rendered":"\n<p class=\"wp-block-paragraph\">Este nombre no sonaba raro en Oriente, en donde lo llev\u00f3 un emperador bizantino. Y hay varios santos llamados as\u00ed. <strong>Focas <\/strong>fue un hortelano de Sinope que vive en las afueras de la ciudad, trabajando su huerto. Era alegre, acogedor y hospitalario como pocos. Al decretarse una persecuci\u00f3n contra los cristianos, no se altera lo m\u00e1s m\u00ednimo, no huye, sino que sigue con su vida de siempre, como si la cosa no fuera con \u00e9l, ya que uno de sus rasgos m\u00e1s caracter\u00edsticos es la serenidad o, mejor dicho, la sangre fr\u00eda.<\/p>\n\n\n\n<p class=\"wp-block-paragraph\">Llegan a su caba\u00f1a unos soldados que no le conocen, y \u00e9l, seg\u00fan su costumbre, les invita a entrar y les sirve de comer. Al preguntarles qu\u00e9 les trae por all\u00ed, le responden que buscan a un tal Focas, hortelano, y que su misi\u00f3n es quitarle la vida por hechicero y encantador. Ellos le proponen que si ayuda en la captura, recibir\u00eda una recompensa y honores.<\/p>\n\n\n\n<p class=\"wp-block-paragraph\">Focas sigue sin inmutarse y les responde que conoce muy bien al hombre que buscaban, asegurando que lo pondr\u00eda en sus manos, pero ahora era mejor que descansaran, pues \u00e9l se encargar\u00eda de todo. Se march\u00f3 para cavar su propia sepultura y disponer sus \u00faltimos preparativos. A la ma\u00f1ana siguiente, se present\u00f3 ante sus perseguidores diciendo que \u00e9l era quien andaban buscando. Los soldados no sab\u00edan qu\u00e9 hacer con \u00e9l, pero finalmente cumpliendo \u00f3rdenes le cortaron la cabeza. <strong>San Focas<\/strong> parece un personaje sacado de una pel\u00edcula de <strong>Hitchcock<\/strong>, con su singular sentido del humor negro que revierte en santidad.  <\/p>\n\n\n\n<p class=\"wp-block-paragraph\">Fuente. <em>La casa de los Santos. Un Santo para cada d\u00eda<\/em>. Carlos Pujol.<\/p>\n\n\n\n<p class=\"wp-block-paragraph\">S\u00edguenos en <strong>Libercast<\/strong> <\/p>\n\n\n\n<p class=\"wp-block-paragraph\"><a href=\"https:\/\/www.youtube.com\/@libercast.oficial\" title=\"\">https:\/\/www.youtube.com\/@libercast.oficial<\/a><\/p>\n","protected":false},"excerpt":{"rendered":"<p>Este nombre no sonaba raro en Oriente, en donde lo llev\u00f3 un emperador bizantino. Y hay varios santos llamados as\u00ed. Focas fue un hortelano de Sinope que vive en las afueras de la ciudad, trabajando su huerto. Era alegre, acogedor y hospitalario como pocos. Al decretarse una persecuci\u00f3n contra los cristianos, no se altera lo [&hellip;]<\/p>\n","protected":false},"author":1,"featured_media":1917,"comment_status":"open","ping_status":"open","sticky":false,"template":"","format":"standard","meta":{"_crdt_document":"","om_disable_all_campaigns":false,"_monsterinsights_skip_tracking":false,"_monsterinsights_sitenote_active":false,"_monsterinsights_sitenote_note":"","_monsterinsights_sitenote_category":0,"_uf_show_specific_survey":0,"_uf_disable_surveys":false,"jetpack_post_was_ever_published":false,"_jetpack_newsletter_access":"","_jetpack_dont_email_post_to_subs":false,"_jetpack_newsletter_tier_id":0,"_jetpack_memberships_contains_paywalled_content":false,"_jetpack_memberships_contains_paid_content":false,"footnotes":"","jetpack_publicize_message":"","jetpack_publicize_feature_enabled":true,"jetpack_social_post_already_shared":false,"jetpack_social_options":{"image_generator_settings":{"template":"highway","default_image_id":0,"font":"","enabled":false},"version":2}},"categories":[32],"tags":[],"class_list":["post-1916","post","type-post","status-publish","format-standard","has-post-thumbnail","hentry","category-santoral"],"aioseo_notices":[],"jetpack_publicize_connections":[],"jetpack_featured_media_url":"https:\/\/i0.wp.com\/www.raulmayoral.es\/wp-content\/uploads\/2024\/03\/5-marzo.jpg?fit=198%2C255&ssl=1","jetpack-related-posts":[],"jetpack_sharing_enabled":true,"_links":{"self":[{"href":"https:\/\/www.raulmayoral.es\/index.php\/wp-json\/wp\/v2\/posts\/1916","targetHints":{"allow":["GET"]}}],"collection":[{"href":"https:\/\/www.raulmayoral.es\/index.php\/wp-json\/wp\/v2\/posts"}],"about":[{"href":"https:\/\/www.raulmayoral.es\/index.php\/wp-json\/wp\/v2\/types\/post"}],"author":[{"embeddable":true,"href":"https:\/\/www.raulmayoral.es\/index.php\/wp-json\/wp\/v2\/users\/1"}],"replies":[{"embeddable":true,"href":"https:\/\/www.raulmayoral.es\/index.php\/wp-json\/wp\/v2\/comments?post=1916"}],"version-history":[{"count":1,"href":"https:\/\/www.raulmayoral.es\/index.php\/wp-json\/wp\/v2\/posts\/1916\/revisions"}],"predecessor-version":[{"id":1918,"href":"https:\/\/www.raulmayoral.es\/index.php\/wp-json\/wp\/v2\/posts\/1916\/revisions\/1918"}],"wp:featuredmedia":[{"embeddable":true,"href":"https:\/\/www.raulmayoral.es\/index.php\/wp-json\/wp\/v2\/media\/1917"}],"wp:attachment":[{"href":"https:\/\/www.raulmayoral.es\/index.php\/wp-json\/wp\/v2\/media?parent=1916"}],"wp:term":[{"taxonomy":"category","embeddable":true,"href":"https:\/\/www.raulmayoral.es\/index.php\/wp-json\/wp\/v2\/categories?post=1916"},{"taxonomy":"post_tag","embeddable":true,"href":"https:\/\/www.raulmayoral.es\/index.php\/wp-json\/wp\/v2\/tags?post=1916"}],"curies":[{"name":"wp","href":"https:\/\/api.w.org\/{rel}","templated":true}]}}