{"id":1920,"date":"2024-03-06T13:10:02","date_gmt":"2024-03-06T12:10:02","guid":{"rendered":"https:\/\/www.raulmayoral.es\/?p=1920"},"modified":"2024-03-06T13:10:04","modified_gmt":"2024-03-06T12:10:04","slug":"6-de-marzo-san-olegario-1060-1136","status":"publish","type":"post","link":"https:\/\/www.raulmayoral.es\/index.php\/2024\/03\/06\/6-de-marzo-san-olegario-1060-1136\/","title":{"rendered":"6 de marzo. San Olegario (1060-1136)"},"content":{"rendered":"\n<p class=\"wp-block-paragraph\">Barcelon\u00e9s de familia ilustre, <strong>Olegario<\/strong> (<strong>Oleguer<\/strong> en catal\u00e1n), es consagrado sacerdote en 1094. Pero renuncia a sus prebendas de can\u00f3nigo para llevar vida de monje agustino en San Adri\u00e1n, junto al r\u00edo Besos, donde fue elegido prior. Posteriormente, pas\u00f3 a San Rufo de Provenza, de donde fue abad en 1100. Luego obispo de Barcelona, metropolitano de Tarragona y legado papal en la Pen\u00ednsula entera. <\/p>\n\n\n\n<p class=\"wp-block-paragraph\">Los honores le persegu\u00edan. Pero \u00e9l siempre repet\u00eda que era indigno y sin m\u00e9ritos para los cargos. Un d\u00eda, uni\u00f3 la acci\u00f3n a la palabra y cuando lo hacen obispo, huye de noche, siendo perseguido por el clero de la ciudad hasta alcanzarlo en Perpi\u00f1\u00e1n, donde es obligado a la fuerza a regresar.<\/p>\n\n\n\n<p class=\"wp-block-paragraph\">Los papas le llevan de un lado a otro, le hacen presidir concilios y s\u00ednodos, le dan cargos de gobierno, le encomiendan misiones dificil\u00edsimas (como la reedificaci\u00f3n de Tarragona, entonces lugar desierto y asolado), le ordenan que predique, tiene que poner paz entre reyes como <strong>Alfonso de Castilla<\/strong> y <strong>Ramiro de Arag\u00f3n<\/strong>. En fin, <strong>San Olegario<\/strong>, cuyo sepulcro se venera en la catedral de Barcelona, ten\u00eda m\u00e1s pasta de rebelde, de rebelde al mundo y a s\u00ed mismo, siendo quiz\u00e1s ese el secreto de su santa humildad.<\/p>\n\n\n\n<p class=\"wp-block-paragraph\">Fuente:<strong><em> <\/em><\/strong><em>La casa de los Santos. Un Santo para cada d\u00eda<\/em>. Carlos Pujol.<\/p>\n\n\n\n<p class=\"wp-block-paragraph\"><strong>Libercast<\/strong>, batalla cultural, defensa de la libertad y rearme moral. Todo ello en: <a href=\"https:\/\/www.youtube.com\/@libercast.oficial\/videos\" title=\"\">https:\/\/www.youtube.com\/@libercast.oficial\/videos<\/a><\/p>\n","protected":false},"excerpt":{"rendered":"<p>Barcelon\u00e9s de familia ilustre, Olegario (Oleguer en catal\u00e1n), es consagrado sacerdote en 1094. Pero renuncia a sus prebendas de can\u00f3nigo para llevar vida de monje agustino en San Adri\u00e1n, junto al r\u00edo Besos, donde fue elegido prior. Posteriormente, pas\u00f3 a San Rufo de Provenza, de donde fue abad en 1100. Luego obispo de Barcelona, metropolitano [&hellip;]<\/p>\n","protected":false},"author":1,"featured_media":1921,"comment_status":"open","ping_status":"open","sticky":false,"template":"","format":"standard","meta":{"_crdt_document":"","om_disable_all_campaigns":false,"_monsterinsights_skip_tracking":false,"_monsterinsights_sitenote_active":false,"_monsterinsights_sitenote_note":"","_monsterinsights_sitenote_category":0,"_uf_show_specific_survey":0,"_uf_disable_surveys":false,"jetpack_post_was_ever_published":false,"_jetpack_newsletter_access":"","_jetpack_dont_email_post_to_subs":false,"_jetpack_newsletter_tier_id":0,"_jetpack_memberships_contains_paywalled_content":false,"_jetpack_memberships_contains_paid_content":false,"footnotes":"","jetpack_publicize_message":"","jetpack_publicize_feature_enabled":true,"jetpack_social_post_already_shared":false,"jetpack_social_options":{"image_generator_settings":{"template":"highway","default_image_id":0,"font":"","enabled":false},"version":2}},"categories":[32],"tags":[],"class_list":["post-1920","post","type-post","status-publish","format-standard","has-post-thumbnail","hentry","category-santoral"],"aioseo_notices":[],"jetpack_publicize_connections":[],"jetpack_featured_media_url":"https:\/\/i0.wp.com\/www.raulmayoral.es\/wp-content\/uploads\/2024\/03\/6-marzo.jpg?fit=800%2C445&ssl=1","jetpack-related-posts":[],"jetpack_sharing_enabled":true,"_links":{"self":[{"href":"https:\/\/www.raulmayoral.es\/index.php\/wp-json\/wp\/v2\/posts\/1920","targetHints":{"allow":["GET"]}}],"collection":[{"href":"https:\/\/www.raulmayoral.es\/index.php\/wp-json\/wp\/v2\/posts"}],"about":[{"href":"https:\/\/www.raulmayoral.es\/index.php\/wp-json\/wp\/v2\/types\/post"}],"author":[{"embeddable":true,"href":"https:\/\/www.raulmayoral.es\/index.php\/wp-json\/wp\/v2\/users\/1"}],"replies":[{"embeddable":true,"href":"https:\/\/www.raulmayoral.es\/index.php\/wp-json\/wp\/v2\/comments?post=1920"}],"version-history":[{"count":2,"href":"https:\/\/www.raulmayoral.es\/index.php\/wp-json\/wp\/v2\/posts\/1920\/revisions"}],"predecessor-version":[{"id":1923,"href":"https:\/\/www.raulmayoral.es\/index.php\/wp-json\/wp\/v2\/posts\/1920\/revisions\/1923"}],"wp:featuredmedia":[{"embeddable":true,"href":"https:\/\/www.raulmayoral.es\/index.php\/wp-json\/wp\/v2\/media\/1921"}],"wp:attachment":[{"href":"https:\/\/www.raulmayoral.es\/index.php\/wp-json\/wp\/v2\/media?parent=1920"}],"wp:term":[{"taxonomy":"category","embeddable":true,"href":"https:\/\/www.raulmayoral.es\/index.php\/wp-json\/wp\/v2\/categories?post=1920"},{"taxonomy":"post_tag","embeddable":true,"href":"https:\/\/www.raulmayoral.es\/index.php\/wp-json\/wp\/v2\/tags?post=1920"}],"curies":[{"name":"wp","href":"https:\/\/api.w.org\/{rel}","templated":true}]}}