{"id":1925,"date":"2024-03-07T19:52:55","date_gmt":"2024-03-07T18:52:55","guid":{"rendered":"https:\/\/www.raulmayoral.es\/?p=1925"},"modified":"2025-03-07T12:32:57","modified_gmt":"2025-03-07T11:32:57","slug":"7-de-marzo-santa-perpetua-y-santa-felicidad-203","status":"publish","type":"post","link":"https:\/\/www.raulmayoral.es\/index.php\/2024\/03\/07\/7-de-marzo-santa-perpetua-y-santa-felicidad-203\/","title":{"rendered":"7 de marzo. Santa Perpetua y Santa Felicidad (&#8230; &#8211; 203)"},"content":{"rendered":"\n<p class=\"wp-block-paragraph\">Dos m\u00e1rtires de la persecuci\u00f3n anticristiana de <strong>Septimio Severo<\/strong> en Turba, muy cerca de Cartago, <strong>Vibia Perpetua<\/strong>, matrona de alta cuna, que ten\u00eda un hijo que aun criaba a sus pechos, y <strong>Fel\u00edcitas <\/strong>o <strong>Felicidad<\/strong>, una esclava que se encontraba en cinta, son prendidas junto a otros catec\u00famenos, <strong>Revocato<\/strong>, <strong>Saturnino<\/strong>, <strong>Sec\u00fandolo <\/strong>y el di\u00e1cono<strong> S\u00e1turo<\/strong>.<\/p>\n\n\n\n<p class=\"wp-block-paragraph\">En la c\u00e1rcel de Cartago, <strong>Santa Felicidad<\/strong> da a luz a una ni\u00f1a, que es adoptada por una familia cristiana. Ambas mujeres han de vencer las exigencias del amor materno, que sus hijos no sean motivo de traici\u00f3n a Dios. El grupo de m\u00e1rtires morir\u00e1 en un anfiteatro, con una multitud por p\u00fablico, y antes de ser despedazados por bestias feroces, se dan un beso en se\u00f1al de paz. <\/p>\n\n\n\n<p class=\"wp-block-paragraph\">Al caer herida, <strong>Santa Perpetua<\/strong>, en un \u00faltimo rasgo de pudor, se cubre la pierna sangrante con la t\u00fanica, y luego se sujeta el revuelto cabello para no morir desgre\u00f1ada, s\u00edmbolo de tristeza y luto. Como le faltaba el golpe de gracia, con su propia mano guio la espada del verdugo hacia su cuello. Tal vez, una mujer tan grande no pod\u00eda morir a menos que ella misma lo quisiese.<\/p>\n\n\n\n<p class=\"wp-block-paragraph\">Fuente. <em>La casa de los Santos. Un Santo para cada d\u00eda.<\/em> Carlos Pujol<\/p>\n\n\n\n<p class=\"wp-block-paragraph\">No te olvides de librar la batalla cultural en <strong>Libercast<\/strong> <a href=\"https:\/\/www.youtube.com\/@libercast.oficial\" title=\"\">https:\/\/www.youtube.com\/@libercast.oficial<\/a><\/p>\n","protected":false},"excerpt":{"rendered":"<p>Dos m\u00e1rtires de la persecuci\u00f3n anticristiana de Septimio Severo en Turba, muy cerca de Cartago, Vibia Perpetua, matrona de alta cuna, que ten\u00eda un hijo que aun criaba a sus pechos, y Fel\u00edcitas o Felicidad, una esclava que se encontraba en cinta, son prendidas junto a otros catec\u00famenos, Revocato, Saturnino, Sec\u00fandolo y el di\u00e1cono S\u00e1turo. [&hellip;]<\/p>\n","protected":false},"author":1,"featured_media":1926,"comment_status":"open","ping_status":"open","sticky":false,"template":"","format":"standard","meta":{"_crdt_document":"","om_disable_all_campaigns":false,"_monsterinsights_skip_tracking":false,"_monsterinsights_sitenote_active":false,"_monsterinsights_sitenote_note":"","_monsterinsights_sitenote_category":0,"_uf_show_specific_survey":0,"_uf_disable_surveys":false,"jetpack_post_was_ever_published":false,"_jetpack_newsletter_access":"","_jetpack_dont_email_post_to_subs":false,"_jetpack_newsletter_tier_id":0,"_jetpack_memberships_contains_paywalled_content":false,"_jetpack_memberships_contains_paid_content":false,"footnotes":"","jetpack_publicize_message":"","jetpack_publicize_feature_enabled":true,"jetpack_social_post_already_shared":false,"jetpack_social_options":{"image_generator_settings":{"template":"highway","enabled":false}}},"categories":[32],"tags":[],"class_list":["post-1925","post","type-post","status-publish","format-standard","has-post-thumbnail","hentry","category-santoral"],"aioseo_notices":[],"jetpack_publicize_connections":[],"jetpack_featured_media_url":"https:\/\/i0.wp.com\/www.raulmayoral.es\/wp-content\/uploads\/2024\/03\/7-de-marzo.jpg?fit=300%2C300&ssl=1","jetpack-related-posts":[],"jetpack_sharing_enabled":true,"_links":{"self":[{"href":"https:\/\/www.raulmayoral.es\/index.php\/wp-json\/wp\/v2\/posts\/1925","targetHints":{"allow":["GET"]}}],"collection":[{"href":"https:\/\/www.raulmayoral.es\/index.php\/wp-json\/wp\/v2\/posts"}],"about":[{"href":"https:\/\/www.raulmayoral.es\/index.php\/wp-json\/wp\/v2\/types\/post"}],"author":[{"embeddable":true,"href":"https:\/\/www.raulmayoral.es\/index.php\/wp-json\/wp\/v2\/users\/1"}],"replies":[{"embeddable":true,"href":"https:\/\/www.raulmayoral.es\/index.php\/wp-json\/wp\/v2\/comments?post=1925"}],"version-history":[{"count":4,"href":"https:\/\/www.raulmayoral.es\/index.php\/wp-json\/wp\/v2\/posts\/1925\/revisions"}],"predecessor-version":[{"id":3309,"href":"https:\/\/www.raulmayoral.es\/index.php\/wp-json\/wp\/v2\/posts\/1925\/revisions\/3309"}],"wp:featuredmedia":[{"embeddable":true,"href":"https:\/\/www.raulmayoral.es\/index.php\/wp-json\/wp\/v2\/media\/1926"}],"wp:attachment":[{"href":"https:\/\/www.raulmayoral.es\/index.php\/wp-json\/wp\/v2\/media?parent=1925"}],"wp:term":[{"taxonomy":"category","embeddable":true,"href":"https:\/\/www.raulmayoral.es\/index.php\/wp-json\/wp\/v2\/categories?post=1925"},{"taxonomy":"post_tag","embeddable":true,"href":"https:\/\/www.raulmayoral.es\/index.php\/wp-json\/wp\/v2\/tags?post=1925"}],"curies":[{"name":"wp","href":"https:\/\/api.w.org\/{rel}","templated":true}]}}