{"id":1930,"date":"2024-03-08T18:26:19","date_gmt":"2024-03-08T17:26:19","guid":{"rendered":"https:\/\/www.raulmayoral.es\/?p=1930"},"modified":"2024-03-08T18:26:22","modified_gmt":"2024-03-08T17:26:22","slug":"8-de-marzo-san-juan-de-dios-1495-1550","status":"publish","type":"post","link":"https:\/\/www.raulmayoral.es\/index.php\/2024\/03\/08\/8-de-marzo-san-juan-de-dios-1495-1550\/","title":{"rendered":"8 de marzo. San Juan de Dios (1495-1550)"},"content":{"rendered":"\n<p class=\"wp-block-paragraph\">Fundador de la Orden Hospitalaria de San Juan de Dios, <strong>Juan Ciudad<\/strong> (as\u00ed se llamaba), naci\u00f3 de padres muy humildes en la poblaci\u00f3n portuguesa de Montemayor el Nuevo, en la di\u00f3cesis de Evora. A los ocho a\u00f1os deja el hogar familiar para ver mundo. Se hace pastor en la toledana villa de Oropesa, en donde quieren casarle con la hija del amo, pero vuelve a echarse a los caminos prefiriendo la aventura de la guerra. Toma parte en la campa\u00f1a de Fuenterrab\u00eda, vuelve a Oropesa, luego va a Austria a luchar contra los turcos, y a su regreso peregrina a Santiago.<\/p>\n\n\n\n<p class=\"wp-block-paragraph\">Sus padres han muerto, y ese hombre inquieto y sin arraigo contin\u00faa sus vagabundeos cada vez m\u00e1s movido por la piedad y la caridad. En Ceuta es pe\u00f3n de alba\u00f1il para ayudar a una familia necesitada; en Gibraltar vende estampas religiosos y libros devotos, y en 1537, en Granada, recibe el empuj\u00f3n definitivo oyendo predicar a <strong>San Juan de Avila<\/strong>. El triunfo del amor de Dios parece tener s\u00edntomas de locura, hace extravagancias, se le toma por loco y le encierran en un manicomio. <\/p>\n\n\n\n<p class=\"wp-block-paragraph\">Cuando sale de all\u00ed, ya no vacila. Acude a ponerse bajo la protecci\u00f3n de la Virgen de Guadalupe y con la ayuda del arzobispo de Granada recoge en un asilo a desesperados de toda clase. El mismo pide limosna por las calles gritando: Hermanos, haced bien por vosotros mismos\u00bb. Alguien le dijo: \u00abSi se perdiese la misericordia, se hallar\u00eda en vos\u00bb.<\/p>\n\n\n\n<p class=\"wp-block-paragraph\">Fuente: <em>La casa de los Santos. Un Santo para cada d\u00eda<\/em>. Carlos Pujol.<\/p>\n\n\n\n<p class=\"wp-block-paragraph\"><strong>Libercast<\/strong>, libra la batalla cultural por el rearme moral y la defensa de la libertad.<\/p>\n\n\n\n<figure class=\"wp-block-embed is-type-video is-provider-youtube wp-block-embed-youtube wp-embed-aspect-16-9 wp-has-aspect-ratio\"><div class=\"wp-block-embed__wrapper\">\n<iframe loading=\"lazy\" title=\"Feminismo radical = ideolog\u00eda comunista\" width=\"625\" height=\"352\" src=\"https:\/\/www.youtube.com\/embed\/y4eThkGYroE?feature=oembed\" frameborder=\"0\" allow=\"accelerometer; autoplay; clipboard-write; encrypted-media; gyroscope; picture-in-picture; web-share\" referrerpolicy=\"strict-origin-when-cross-origin\" allowfullscreen><\/iframe>\n<\/div><\/figure>\n","protected":false},"excerpt":{"rendered":"<p>Fundador de la Orden Hospitalaria de San Juan de Dios, Juan Ciudad (as\u00ed se llamaba), naci\u00f3 de padres muy humildes en la poblaci\u00f3n portuguesa de Montemayor el Nuevo, en la di\u00f3cesis de Evora. A los ocho a\u00f1os deja el hogar familiar para ver mundo. Se hace pastor en la toledana villa de Oropesa, en donde [&hellip;]<\/p>\n","protected":false},"author":1,"featured_media":1931,"comment_status":"open","ping_status":"open","sticky":false,"template":"","format":"standard","meta":{"_crdt_document":"","om_disable_all_campaigns":false,"_monsterinsights_skip_tracking":false,"_monsterinsights_sitenote_active":false,"_monsterinsights_sitenote_note":"","_monsterinsights_sitenote_category":0,"_uf_show_specific_survey":0,"_uf_disable_surveys":false,"jetpack_post_was_ever_published":false,"_jetpack_newsletter_access":"","_jetpack_dont_email_post_to_subs":false,"_jetpack_newsletter_tier_id":0,"_jetpack_memberships_contains_paywalled_content":false,"_jetpack_memberships_contains_paid_content":false,"footnotes":"","jetpack_publicize_message":"","jetpack_publicize_feature_enabled":true,"jetpack_social_post_already_shared":false,"jetpack_social_options":{"image_generator_settings":{"template":"highway","default_image_id":0,"font":"","enabled":false},"version":2}},"categories":[32],"tags":[],"class_list":["post-1930","post","type-post","status-publish","format-standard","has-post-thumbnail","hentry","category-santoral"],"aioseo_notices":[],"jetpack_publicize_connections":[],"jetpack_featured_media_url":"https:\/\/i0.wp.com\/www.raulmayoral.es\/wp-content\/uploads\/2024\/03\/8-de-marzo.jpg?fit=1200%2C720&ssl=1","jetpack-related-posts":[],"jetpack_sharing_enabled":true,"_links":{"self":[{"href":"https:\/\/www.raulmayoral.es\/index.php\/wp-json\/wp\/v2\/posts\/1930","targetHints":{"allow":["GET"]}}],"collection":[{"href":"https:\/\/www.raulmayoral.es\/index.php\/wp-json\/wp\/v2\/posts"}],"about":[{"href":"https:\/\/www.raulmayoral.es\/index.php\/wp-json\/wp\/v2\/types\/post"}],"author":[{"embeddable":true,"href":"https:\/\/www.raulmayoral.es\/index.php\/wp-json\/wp\/v2\/users\/1"}],"replies":[{"embeddable":true,"href":"https:\/\/www.raulmayoral.es\/index.php\/wp-json\/wp\/v2\/comments?post=1930"}],"version-history":[{"count":1,"href":"https:\/\/www.raulmayoral.es\/index.php\/wp-json\/wp\/v2\/posts\/1930\/revisions"}],"predecessor-version":[{"id":1932,"href":"https:\/\/www.raulmayoral.es\/index.php\/wp-json\/wp\/v2\/posts\/1930\/revisions\/1932"}],"wp:featuredmedia":[{"embeddable":true,"href":"https:\/\/www.raulmayoral.es\/index.php\/wp-json\/wp\/v2\/media\/1931"}],"wp:attachment":[{"href":"https:\/\/www.raulmayoral.es\/index.php\/wp-json\/wp\/v2\/media?parent=1930"}],"wp:term":[{"taxonomy":"category","embeddable":true,"href":"https:\/\/www.raulmayoral.es\/index.php\/wp-json\/wp\/v2\/categories?post=1930"},{"taxonomy":"post_tag","embeddable":true,"href":"https:\/\/www.raulmayoral.es\/index.php\/wp-json\/wp\/v2\/tags?post=1930"}],"curies":[{"name":"wp","href":"https:\/\/api.w.org\/{rel}","templated":true}]}}