{"id":1933,"date":"2024-03-09T14:44:31","date_gmt":"2024-03-09T13:44:31","guid":{"rendered":"https:\/\/www.raulmayoral.es\/?p=1933"},"modified":"2024-03-09T16:00:41","modified_gmt":"2024-03-09T15:00:41","slug":"9-de-marzo-san-domingo-savio-1842-1857","status":"publish","type":"post","link":"https:\/\/www.raulmayoral.es\/index.php\/2024\/03\/09\/9-de-marzo-san-domingo-savio-1842-1857\/","title":{"rendered":"9 de marzo. San Domingo Savio (1842-1857)"},"content":{"rendered":"\n<p class=\"wp-block-paragraph\">Cuando<strong> P\u00edo XII <\/strong>le canoniz\u00f3 en 1954, <strong>San Domingo Savio<\/strong> se convierte en el Santo m\u00e1s joven de todos los reconocidos por la Iglesia, excepci\u00f3n hecha de los m\u00e1rtires. La an\u00e9cdota es famosa: Un matrimonio piamont\u00e9s, de un pueblo de la provincia de Tur\u00edn, lleva a su hijo de doce a\u00f1os a <strong>San Juan Bosco<\/strong>; \u00e9ste hace unas preguntas al chiquillo y comenta, dirigi\u00e9ndose a la madre, que es costurera: \u00abMe parece que el tejido es bueno\u00bb. \u00ab\u00bfQu\u00e9 se puede hacer con \u00e9l?\u00bb, pregunta la madre. \u00abUn buen traje para regal\u00e1rselo a Nuestro Se\u00f1or\u00bb, responde el sacerdote. Y el ni\u00f1o dice: \u00abDe acuerdo, yo soy el tejido y usted es el sastre\u00bb.<\/p>\n\n\n\n<p class=\"wp-block-paragraph\"> As\u00ed ingres\u00f3 Domingo Savio en el colegio de Don Bosco, y en \u00e9l vivi\u00f3 muy poco tiempo, porque iba a morir a los quince a\u00f1os de edad. Este santito precoz sigui\u00f3 al pie de la letra los consejos de su director espiritual, el propio San Juan Bosco, resumidos en una m\u00e1xima: cumplir alegremente los deberes de su estado, esto es, santa alegr\u00eda en el servicio de Dios, piedad, estudio, aceptaci\u00f3n de las contrariedades y hacer todo el bien posible a sus compa\u00f1eros. <\/p>\n\n\n\n<p class=\"wp-block-paragraph\">Programa sencillo y asequible para un santo moderno, lleno de virtudes heroicas de car\u00e1cter ordinario. Domingo no lleg\u00f3 a ser sacerdote pero fue un ni\u00f1o que subi\u00f3 a los altares sin dejar de ser ni\u00f1o (practicaba deporte y cantaba en el coro), solo si\u00e9ndolo muy bien y con miras muy altas. <\/p>\n\n\n\n<p class=\"wp-block-paragraph\">Fuente. <em>La casa de los Santos. Un Santo para cada d\u00eda<\/em>. Carlos Pujol<\/p>\n\n\n\n<p class=\"wp-block-paragraph\"> <\/p>\n\n\n\n<figure class=\"wp-block-image size-large\"><img data-recalc-dims=\"1\" loading=\"lazy\" decoding=\"async\" width=\"625\" height=\"176\" src=\"https:\/\/i0.wp.com\/www.raulmayoral.es\/wp-content\/uploads\/2024\/03\/cabecera-Libercast-2.jpg?resize=625%2C176&#038;ssl=1\" alt=\"\" class=\"wp-image-1935\" srcset=\"https:\/\/i0.wp.com\/www.raulmayoral.es\/wp-content\/uploads\/2024\/03\/cabecera-Libercast-2.jpg?resize=1024%2C288&amp;ssl=1 1024w, https:\/\/i0.wp.com\/www.raulmayoral.es\/wp-content\/uploads\/2024\/03\/cabecera-Libercast-2.jpg?resize=300%2C84&amp;ssl=1 300w, https:\/\/i0.wp.com\/www.raulmayoral.es\/wp-content\/uploads\/2024\/03\/cabecera-Libercast-2.jpg?resize=768%2C216&amp;ssl=1 768w, https:\/\/i0.wp.com\/www.raulmayoral.es\/wp-content\/uploads\/2024\/03\/cabecera-Libercast-2.jpg?resize=624%2C175&amp;ssl=1 624w, https:\/\/i0.wp.com\/www.raulmayoral.es\/wp-content\/uploads\/2024\/03\/cabecera-Libercast-2.jpg?w=1252&amp;ssl=1 1252w\" sizes=\"auto, (max-width: 625px) 100vw, 625px\" \/><\/figure>\n","protected":false},"excerpt":{"rendered":"<p>Cuando P\u00edo XII le canoniz\u00f3 en 1954, San Domingo Savio se convierte en el Santo m\u00e1s joven de todos los reconocidos por la Iglesia, excepci\u00f3n hecha de los m\u00e1rtires. La an\u00e9cdota es famosa: Un matrimonio piamont\u00e9s, de un pueblo de la provincia de Tur\u00edn, lleva a su hijo de doce a\u00f1os a San Juan Bosco; [&hellip;]<\/p>\n","protected":false},"author":1,"featured_media":1934,"comment_status":"open","ping_status":"open","sticky":false,"template":"","format":"standard","meta":{"_crdt_document":"","om_disable_all_campaigns":false,"_monsterinsights_skip_tracking":false,"_monsterinsights_sitenote_active":false,"_monsterinsights_sitenote_note":"","_monsterinsights_sitenote_category":0,"_uf_show_specific_survey":0,"_uf_disable_surveys":false,"jetpack_post_was_ever_published":false,"_jetpack_newsletter_access":"","_jetpack_dont_email_post_to_subs":false,"_jetpack_newsletter_tier_id":0,"_jetpack_memberships_contains_paywalled_content":false,"_jetpack_memberships_contains_paid_content":false,"footnotes":"","jetpack_publicize_message":"","jetpack_publicize_feature_enabled":true,"jetpack_social_post_already_shared":false,"jetpack_social_options":{"image_generator_settings":{"template":"highway","default_image_id":0,"font":"","enabled":false},"version":2}},"categories":[32],"tags":[],"class_list":["post-1933","post","type-post","status-publish","format-standard","has-post-thumbnail","hentry","category-santoral"],"aioseo_notices":[],"jetpack_publicize_connections":[],"jetpack_featured_media_url":"https:\/\/i0.wp.com\/www.raulmayoral.es\/wp-content\/uploads\/2024\/03\/9-de-marzo.jpg?fit=189%2C266&ssl=1","jetpack-related-posts":[],"jetpack_sharing_enabled":true,"_links":{"self":[{"href":"https:\/\/www.raulmayoral.es\/index.php\/wp-json\/wp\/v2\/posts\/1933","targetHints":{"allow":["GET"]}}],"collection":[{"href":"https:\/\/www.raulmayoral.es\/index.php\/wp-json\/wp\/v2\/posts"}],"about":[{"href":"https:\/\/www.raulmayoral.es\/index.php\/wp-json\/wp\/v2\/types\/post"}],"author":[{"embeddable":true,"href":"https:\/\/www.raulmayoral.es\/index.php\/wp-json\/wp\/v2\/users\/1"}],"replies":[{"embeddable":true,"href":"https:\/\/www.raulmayoral.es\/index.php\/wp-json\/wp\/v2\/comments?post=1933"}],"version-history":[{"count":2,"href":"https:\/\/www.raulmayoral.es\/index.php\/wp-json\/wp\/v2\/posts\/1933\/revisions"}],"predecessor-version":[{"id":1937,"href":"https:\/\/www.raulmayoral.es\/index.php\/wp-json\/wp\/v2\/posts\/1933\/revisions\/1937"}],"wp:featuredmedia":[{"embeddable":true,"href":"https:\/\/www.raulmayoral.es\/index.php\/wp-json\/wp\/v2\/media\/1934"}],"wp:attachment":[{"href":"https:\/\/www.raulmayoral.es\/index.php\/wp-json\/wp\/v2\/media?parent=1933"}],"wp:term":[{"taxonomy":"category","embeddable":true,"href":"https:\/\/www.raulmayoral.es\/index.php\/wp-json\/wp\/v2\/categories?post=1933"},{"taxonomy":"post_tag","embeddable":true,"href":"https:\/\/www.raulmayoral.es\/index.php\/wp-json\/wp\/v2\/tags?post=1933"}],"curies":[{"name":"wp","href":"https:\/\/api.w.org\/{rel}","templated":true}]}}