{"id":1940,"date":"2024-03-09T20:56:57","date_gmt":"2024-03-09T19:56:57","guid":{"rendered":"https:\/\/www.raulmayoral.es\/?p=1940"},"modified":"2024-03-09T21:07:25","modified_gmt":"2024-03-09T20:07:25","slug":"espanoles-de-la-sociedad-de-la-nieve","status":"publish","type":"post","link":"https:\/\/www.raulmayoral.es\/index.php\/2024\/03\/09\/espanoles-de-la-sociedad-de-la-nieve\/","title":{"rendered":"Espa\u00f1oles de la sociedad de la nieve"},"content":{"rendered":"\n<p class=\"wp-block-paragraph\">De aprobarse y aplicarse la ley de amnist\u00eda, se habr\u00e1 perpetrado en Espa\u00f1a un verdadero golpe de Estado contra el r\u00e9gimen de Monarqu\u00eda parlamentaria, a la que le restar\u00e1n las \u00faltimas estaciones para apearse del viaje iniciado en 1978. Ante semejante disparate inconstitucional, pol\u00edticos, jueces, periodistas, empresarios, intelectuales y la opini\u00f3n p\u00fablica, en general, sostienen esperanzados que al final Europa, la Uni\u00f3n Europea, pondr\u00e1 fin a esta locura promovida a la lim\u00f3n entre <strong>S\u00e1nchez<\/strong> y <strong>Puigdemont<\/strong>. Conf\u00edan en que el contubernio de leguleyos, que es la amnist\u00eda, choca frontalmente contra la letra y el esp\u00edritu del Tratado de la Uni\u00f3n Europea. Y tal vez sea as\u00ed. Pero como les sucedi\u00f3 a aquellos desesperados, pero heroicos supervivientes del avi\u00f3n estrellado en la Cordillera de los Andes, no esperemos los espa\u00f1oles que venga Europa ni el resto del mundo a rescatarnos del marasmo en el que nos metimos hace cuarenta a\u00f1os y prepar\u00e9monos para salir por nosotros mismos de este patrio <em>valle de las l\u00e1grimas<\/em>.<\/p>\n\n\n\n<p class=\"wp-block-paragraph\">La mayor parte de las Canciller\u00edas europeas se frotan las manos presenciando el espect\u00e1culo de divisi\u00f3n que estamos ofreciendo en los \u00faltimos meses. Su inquina empez\u00f3 doscientos a\u00f1os atr\u00e1s, con la Ilustraci\u00f3n francesa. Aquella corte de enciclopedistas, librepensadores, intelectuales, es decir, masones, miraban a la cat\u00f3lica Espa\u00f1a como la pieza a batir. Tanto por ser Espa\u00f1a como por ser cat\u00f3lica. Su codicia era un dos por uno. Europa sigui\u00f3 y sigue sin mirarnos con buenos ojos. Tropez\u00e1bamos y nos levant\u00e1bamos. Guerre\u00e1bamos entre nosotros y termin\u00e1bamos por hacer las paces. Y de nuevo unidos \u00e9ramos m\u00e1s fuertes. A Europa no le resultaba grato. Particularmente, Alemania y Francia se asustaron temblorosamente cuando en la segunda mitad del siglo XX ingresamos en el selecto club de las diez potencias mundiales. Aquello ya era demasiado y decidieron venir a por nosotros. Entre la CIA y compa\u00f1\u00eda nos regalaron un caramelo envenenado: El r\u00e9gimen del 78 con la toxicidad del Estado auton\u00f3mico. Y el veneno ha terminado por hacer efecto.<\/p>\n\n\n\n<p class=\"wp-block-paragraph\">Actualmente, se libra una batalla a nivel geopol\u00edtico para acabar con los llamados Estados-naci\u00f3n. Espa\u00f1a a\u00fan lo es, aunque por poco tiempo. Impulsado por las \u00e9lites financieras de origen anglosaj\u00f3n, el globalismo oficial ha dise\u00f1ado una estrategia contra nuestra naci\u00f3n consistente en debilitarnos internamente con la vieja f\u00f3rmula del \u201cdivide y vencer\u00e1s\u201d. Espa\u00f1a resulta hoy un obst\u00e1culo para la agenda globalista que est\u00e1 en marcha: una gobernanza mundial con un solo Estado mundial, una ciudadan\u00eda mundial con una \u00fanica lengua, un \u00fanico mercado con una sola moneda, y, ojo, una sola \u00e9tica que se imponga universalmente mediante la subversi\u00f3n de valores cristianos, mejor dicho, cat\u00f3licos, y su sustituci\u00f3n por principios contrarios a la fe cat\u00f3lica y, sobre todo, al concepto de familia tradicional. El nuevo Evangelio ser\u00e1 la Agenda 2030, amalgama de ocurrencias de los te\u00f3ricos de la Escuela de Frankfurt, de los libertinos del Mayo del 68 y, por supuesto, del Grado 33 del Gran Oriente de Francia: democracia, libertad, derechos humanos (aborto libre incluido), ideolog\u00eda de g\u00e9nero, cambio clim\u00e1tico&#8230; y no se descarta alguna que otra aberraci\u00f3n de las de cintura para abajo. Todo ello constituye el pasaporte del g\u00e9nero humano a la felicidad y a la paz perpetua en un renovado y tecnol\u00f3gico planeta Tierra, que ser\u00e1 custodiado y vigilado por el arsenal de la OTAN.<\/p>\n\n\n\n<p class=\"wp-block-paragraph\">Como son muchos los que est\u00e1n deseosos de vernos caer para no levantarnos m\u00e1s, no esperemos, por tanto, rescate ni ayuda del exterior. Como en la Ilustraci\u00f3n francesa, la ofensiva es doble, contra Espa\u00f1a y contra <strong>Dios<\/strong>. Si no nos resignamos a sucumbir, forjemos una sociedad como aquella de la nieve. Con Rosario incluido.<\/p>\n\n\n\n<p class=\"wp-block-paragraph\"><strong>Libercast<\/strong>: Ven a librar la batalla cultural<\/p>\n\n\n\n<p class=\"wp-block-paragraph\"><a href=\"https:\/\/www.youtube.com\/@libercast.oficial\" title=\"\">https:\/\/www.youtube.com\/@libercast.oficial<\/a><\/p>\n\n\n\n<p class=\"wp-block-paragraph\"><\/p>\n\n\n\n<p class=\"wp-block-paragraph\"><\/p>\n","protected":false},"excerpt":{"rendered":"<p>De aprobarse y aplicarse la ley de amnist\u00eda, se habr\u00e1 perpetrado en Espa\u00f1a un verdadero golpe de Estado contra el r\u00e9gimen de Monarqu\u00eda parlamentaria, a la que le restar\u00e1n las \u00faltimas estaciones para apearse del viaje iniciado en 1978. Ante semejante disparate inconstitucional, pol\u00edticos, jueces, periodistas, empresarios, intelectuales y la opini\u00f3n p\u00fablica, en general, sostienen [&hellip;]<\/p>\n","protected":false},"author":1,"featured_media":1941,"comment_status":"open","ping_status":"open","sticky":false,"template":"","format":"standard","meta":{"_crdt_document":"","om_disable_all_campaigns":false,"_monsterinsights_skip_tracking":false,"_monsterinsights_sitenote_active":false,"_monsterinsights_sitenote_note":"","_monsterinsights_sitenote_category":0,"_uf_show_specific_survey":0,"_uf_disable_surveys":false,"jetpack_post_was_ever_published":false,"_jetpack_newsletter_access":"","_jetpack_dont_email_post_to_subs":false,"_jetpack_newsletter_tier_id":0,"_jetpack_memberships_contains_paywalled_content":false,"_jetpack_memberships_contains_paid_content":false,"footnotes":"","jetpack_publicize_message":"","jetpack_publicize_feature_enabled":true,"jetpack_social_post_already_shared":false,"jetpack_social_options":{"image_generator_settings":{"template":"highway","default_image_id":0,"font":"","enabled":false},"version":2}},"categories":[34],"tags":[],"class_list":["post-1940","post","type-post","status-publish","format-standard","has-post-thumbnail","hentry","category-pasando-revista"],"aioseo_notices":[],"jetpack_publicize_connections":[],"jetpack_featured_media_url":"https:\/\/i0.wp.com\/www.raulmayoral.es\/wp-content\/uploads\/2024\/03\/la-sociedad-de-la-nieve-scaled.jpg?fit=2560%2C1708&ssl=1","jetpack-related-posts":[],"jetpack_sharing_enabled":true,"_links":{"self":[{"href":"https:\/\/www.raulmayoral.es\/index.php\/wp-json\/wp\/v2\/posts\/1940","targetHints":{"allow":["GET"]}}],"collection":[{"href":"https:\/\/www.raulmayoral.es\/index.php\/wp-json\/wp\/v2\/posts"}],"about":[{"href":"https:\/\/www.raulmayoral.es\/index.php\/wp-json\/wp\/v2\/types\/post"}],"author":[{"embeddable":true,"href":"https:\/\/www.raulmayoral.es\/index.php\/wp-json\/wp\/v2\/users\/1"}],"replies":[{"embeddable":true,"href":"https:\/\/www.raulmayoral.es\/index.php\/wp-json\/wp\/v2\/comments?post=1940"}],"version-history":[{"count":5,"href":"https:\/\/www.raulmayoral.es\/index.php\/wp-json\/wp\/v2\/posts\/1940\/revisions"}],"predecessor-version":[{"id":1949,"href":"https:\/\/www.raulmayoral.es\/index.php\/wp-json\/wp\/v2\/posts\/1940\/revisions\/1949"}],"wp:featuredmedia":[{"embeddable":true,"href":"https:\/\/www.raulmayoral.es\/index.php\/wp-json\/wp\/v2\/media\/1941"}],"wp:attachment":[{"href":"https:\/\/www.raulmayoral.es\/index.php\/wp-json\/wp\/v2\/media?parent=1940"}],"wp:term":[{"taxonomy":"category","embeddable":true,"href":"https:\/\/www.raulmayoral.es\/index.php\/wp-json\/wp\/v2\/categories?post=1940"},{"taxonomy":"post_tag","embeddable":true,"href":"https:\/\/www.raulmayoral.es\/index.php\/wp-json\/wp\/v2\/tags?post=1940"}],"curies":[{"name":"wp","href":"https:\/\/api.w.org\/{rel}","templated":true}]}}