{"id":1954,"date":"2024-03-11T13:45:45","date_gmt":"2024-03-11T12:45:45","guid":{"rendered":"https:\/\/www.raulmayoral.es\/?p=1954"},"modified":"2024-03-11T13:45:50","modified_gmt":"2024-03-11T12:45:50","slug":"11-de-marzo-santa-oria-1042-1070","status":"publish","type":"post","link":"https:\/\/www.raulmayoral.es\/index.php\/2024\/03\/11\/11-de-marzo-santa-oria-1042-1070\/","title":{"rendered":"11 de marzo. Santa Oria (1042-1070)"},"content":{"rendered":"\n<p class=\"wp-block-paragraph\">Nadie recordar\u00eda a esta santa de no ser por <strong>Gonzalo de Berceo<\/strong>, que en la primera mitad del siglo XIII versific\u00f3 una biograf\u00eda latina obra de un tal <strong>Munio<\/strong> o <strong>Mu\u00f1o<\/strong>, sobre esta virgen de Burgos.<\/p>\n\n\n\n<p class=\"wp-block-paragraph\">Natural de Villavelayos, <strong>Oria<\/strong>, castellanizaci\u00f3n del nombre latino <strong>A\u00farea<\/strong>, se present\u00f3 a\u00fan muy joven en el monasterio riojano de San Mill\u00e1n de la Cogolla y solicit\u00f3 del prior \u00abprender orden e velo vevir en castidat\u00bb. Desde entonces fue una \u00abreclusa\u00bb por voluntad propia y si antes era buena, fue despu\u00e9s mejor. Frente al altar mayor y el coro, donde cantaban los monjes, en una angosta celdilla construida junto al muro de la iglesia, rezaba, le\u00eda una y otra vez las Escrituras y las vidas de santos, recitaba el salterio e hilaba y cos\u00eda para la comunidad. <\/p>\n\n\n\n<p class=\"wp-block-paragraph\"><strong>Santa Oria<\/strong> tuvo estupendas visiones, seg\u00fan nos cuenta Berceo con encendidas palabras de devoci\u00f3n, resisti\u00f3 los embates del maligno, aconsej\u00f3 espiritualmente a los que iban a consultarla de toda la comarca, y por fin, la \u00abreclusa leal\u00bb, cuya oraci\u00f3n horadaba los Cielos, abriendo brecha en los m\u00e1s alto, muri\u00f3  junta a su madre en olor de santidad. <\/p>\n\n\n\n<p class=\"wp-block-paragraph\">Fuente: <em>La casa de los Santos. Un Santo para cada d\u00eda<\/em>. Carlos Pujol.<\/p>\n\n\n\n<p class=\"wp-block-paragraph\"><strong>Libercast<\/strong>. El canal de la batalla cultural <a href=\"https:\/\/www.youtube.com\/@libercast.oficial\/videos\" title=\"\">https:\/\/www.youtube.com\/@libercast.oficial\/videos<\/a><\/p>\n","protected":false},"excerpt":{"rendered":"<p>Nadie recordar\u00eda a esta santa de no ser por Gonzalo de Berceo, que en la primera mitad del siglo XIII versific\u00f3 una biograf\u00eda latina obra de un tal Munio o Mu\u00f1o, sobre esta virgen de Burgos. Natural de Villavelayos, Oria, castellanizaci\u00f3n del nombre latino A\u00farea, se present\u00f3 a\u00fan muy joven en el monasterio riojano de [&hellip;]<\/p>\n","protected":false},"author":1,"featured_media":1955,"comment_status":"open","ping_status":"open","sticky":false,"template":"","format":"standard","meta":{"_crdt_document":"","om_disable_all_campaigns":false,"_monsterinsights_skip_tracking":false,"_monsterinsights_sitenote_active":false,"_monsterinsights_sitenote_note":"","_monsterinsights_sitenote_category":0,"_uf_show_specific_survey":0,"_uf_disable_surveys":false,"jetpack_post_was_ever_published":false,"_jetpack_newsletter_access":"","_jetpack_dont_email_post_to_subs":false,"_jetpack_newsletter_tier_id":0,"_jetpack_memberships_contains_paywalled_content":false,"_jetpack_memberships_contains_paid_content":false,"footnotes":"","jetpack_publicize_message":"","jetpack_publicize_feature_enabled":true,"jetpack_social_post_already_shared":false,"jetpack_social_options":{"image_generator_settings":{"template":"highway","default_image_id":0,"font":"","enabled":false},"version":2}},"categories":[32],"tags":[],"class_list":["post-1954","post","type-post","status-publish","format-standard","has-post-thumbnail","hentry","category-santoral"],"aioseo_notices":[],"jetpack_publicize_connections":[],"jetpack_featured_media_url":"https:\/\/i0.wp.com\/www.raulmayoral.es\/wp-content\/uploads\/2024\/03\/11-de-marzo.jpg?fit=473%2C300&ssl=1","jetpack-related-posts":[],"jetpack_sharing_enabled":true,"_links":{"self":[{"href":"https:\/\/www.raulmayoral.es\/index.php\/wp-json\/wp\/v2\/posts\/1954","targetHints":{"allow":["GET"]}}],"collection":[{"href":"https:\/\/www.raulmayoral.es\/index.php\/wp-json\/wp\/v2\/posts"}],"about":[{"href":"https:\/\/www.raulmayoral.es\/index.php\/wp-json\/wp\/v2\/types\/post"}],"author":[{"embeddable":true,"href":"https:\/\/www.raulmayoral.es\/index.php\/wp-json\/wp\/v2\/users\/1"}],"replies":[{"embeddable":true,"href":"https:\/\/www.raulmayoral.es\/index.php\/wp-json\/wp\/v2\/comments?post=1954"}],"version-history":[{"count":1,"href":"https:\/\/www.raulmayoral.es\/index.php\/wp-json\/wp\/v2\/posts\/1954\/revisions"}],"predecessor-version":[{"id":1956,"href":"https:\/\/www.raulmayoral.es\/index.php\/wp-json\/wp\/v2\/posts\/1954\/revisions\/1956"}],"wp:featuredmedia":[{"embeddable":true,"href":"https:\/\/www.raulmayoral.es\/index.php\/wp-json\/wp\/v2\/media\/1955"}],"wp:attachment":[{"href":"https:\/\/www.raulmayoral.es\/index.php\/wp-json\/wp\/v2\/media?parent=1954"}],"wp:term":[{"taxonomy":"category","embeddable":true,"href":"https:\/\/www.raulmayoral.es\/index.php\/wp-json\/wp\/v2\/categories?post=1954"},{"taxonomy":"post_tag","embeddable":true,"href":"https:\/\/www.raulmayoral.es\/index.php\/wp-json\/wp\/v2\/tags?post=1954"}],"curies":[{"name":"wp","href":"https:\/\/api.w.org\/{rel}","templated":true}]}}