{"id":1957,"date":"2024-03-12T20:14:48","date_gmt":"2024-03-12T19:14:48","guid":{"rendered":"https:\/\/www.raulmayoral.es\/?p=1957"},"modified":"2024-03-16T18:41:42","modified_gmt":"2024-03-16T17:41:42","slug":"12-de-marzo-san-inocencio-i-417","status":"publish","type":"post","link":"https:\/\/www.raulmayoral.es\/index.php\/2024\/03\/12\/12-de-marzo-san-inocencio-i-417\/","title":{"rendered":"12 de marzo. San Inocencio I (&#8230; &#8211; 417)"},"content":{"rendered":"\n<p class=\"wp-block-paragraph\">Pont\u00edfice n\u00famero cuarenta de los sucesores de <strong>Pedro<\/strong>, <strong>Inocencio<\/strong> debi\u00f3 de ser elegido como tal en el a\u00f1o 401. Era un  monje natural de Albano y aunque no se sabe mucho de su vida, sin embargo se le recuerda por su en\u00e9rgica actitud ante dos acontecimientos hist\u00f3ricos.<\/p>\n\n\n\n<p class=\"wp-block-paragraph\">El primero, su combate frente a la mayor herej\u00eda de su tiempo, el pelagianismo, que negaba la necesidad de la gracia.  Atendi\u00f3 as\u00ed las peticiones que le hab\u00eda hecho <strong>San Agust\u00edn<\/strong>. En ese contexto, condena tambi\u00e9n a los perseguidores de <strong>San Juan Cris\u00f3stomo<\/strong>  (13 de septiembre), y se enfrenta al emperador <strong>Arcadio<\/strong>.<\/p>\n\n\n\n<p class=\"wp-block-paragraph\">El gran acontecimiento de su pontificado fue la tragedia del 24 de agosto de 410, cuando las hordas del b\u00e1rbaro <strong>Alarico<\/strong> entraron en Roma por la Puerta Salaria y saquearon la ciudad destruy\u00e9ndola por completo.  El desastre apocal\u00edptico e inconcebible sacudi\u00f3 los cimientos del mundo cristiano. San Agust\u00edn escribe el m\u00e1s profundo y ambicioso de sus libros, <em>La ciudad de Dios<\/em>, para explicar a la luz de la fe un hecho de tanta magnitud.<\/p>\n\n\n\n<p class=\"wp-block-paragraph\">\u00bfC\u00f3mo ha permitido <strong>Dios<\/strong> una cosa semejante? \u00bfPor qu\u00e9 ha entregado a sus enemigos para que lo pisotearan el mismo coraz\u00f3n de su Iglesia? La historia, tejida de fracasos y contradicciones que desmienten nuestras certezas humanas, sigue: San Agust\u00edn nos da <em>La ciudad de Dios<\/em>, y <strong>San Inocencio<\/strong>, tras la cat\u00e1strofe, vuelve a Roma, porque la vida y la Iglesia contin\u00faan su misterioso camino hacia el Absoluto. <\/p>\n\n\n\n<p class=\"wp-block-paragraph\">Fuente: <em>La casa de los Santos. Un Santo para cada d\u00eda.<\/em> Carlos Pujol.<\/p>\n\n\n\n<p class=\"wp-block-paragraph\"><strong>Libercast<\/strong>: El espacio donde librar la batalla cultural por el rearme moral y la defensa de la libertad<\/p>\n\n\n\n<figure class=\"wp-block-embed is-type-video is-provider-youtube wp-block-embed-youtube wp-embed-aspect-16-9 wp-has-aspect-ratio\"><div class=\"wp-block-embed__wrapper\">\n<iframe loading=\"lazy\" title=\"\u00bfEs Francia un estado totalitario? #batallacultural #economia #historia\" width=\"625\" height=\"352\" src=\"https:\/\/www.youtube.com\/embed\/i0WXsdeYJd4?feature=oembed\" frameborder=\"0\" allow=\"accelerometer; autoplay; clipboard-write; encrypted-media; gyroscope; picture-in-picture; web-share\" referrerpolicy=\"strict-origin-when-cross-origin\" allowfullscreen><\/iframe>\n<\/div><\/figure>\n","protected":false},"excerpt":{"rendered":"<p>Pont\u00edfice n\u00famero cuarenta de los sucesores de Pedro, Inocencio debi\u00f3 de ser elegido como tal en el a\u00f1o 401. Era un monje natural de Albano y aunque no se sabe mucho de su vida, sin embargo se le recuerda por su en\u00e9rgica actitud ante dos acontecimientos hist\u00f3ricos. El primero, su combate frente a la mayor [&hellip;]<\/p>\n","protected":false},"author":1,"featured_media":1958,"comment_status":"open","ping_status":"open","sticky":false,"template":"","format":"standard","meta":{"_crdt_document":"","om_disable_all_campaigns":false,"_monsterinsights_skip_tracking":false,"_monsterinsights_sitenote_active":false,"_monsterinsights_sitenote_note":"","_monsterinsights_sitenote_category":0,"_uf_show_specific_survey":0,"_uf_disable_surveys":false,"jetpack_post_was_ever_published":false,"_jetpack_newsletter_access":"","_jetpack_dont_email_post_to_subs":false,"_jetpack_newsletter_tier_id":0,"_jetpack_memberships_contains_paywalled_content":false,"_jetpack_memberships_contains_paid_content":false,"footnotes":"","jetpack_publicize_message":"","jetpack_publicize_feature_enabled":true,"jetpack_social_post_already_shared":false,"jetpack_social_options":{"image_generator_settings":{"template":"highway","default_image_id":0,"font":"","enabled":false},"version":2}},"categories":[32],"tags":[],"class_list":["post-1957","post","type-post","status-publish","format-standard","has-post-thumbnail","hentry","category-santoral"],"aioseo_notices":[],"jetpack_publicize_connections":[],"jetpack_featured_media_url":"https:\/\/i0.wp.com\/www.raulmayoral.es\/wp-content\/uploads\/2024\/03\/12-de-marzo.png?fit=601%2C452&ssl=1","jetpack-related-posts":[],"jetpack_sharing_enabled":true,"_links":{"self":[{"href":"https:\/\/www.raulmayoral.es\/index.php\/wp-json\/wp\/v2\/posts\/1957","targetHints":{"allow":["GET"]}}],"collection":[{"href":"https:\/\/www.raulmayoral.es\/index.php\/wp-json\/wp\/v2\/posts"}],"about":[{"href":"https:\/\/www.raulmayoral.es\/index.php\/wp-json\/wp\/v2\/types\/post"}],"author":[{"embeddable":true,"href":"https:\/\/www.raulmayoral.es\/index.php\/wp-json\/wp\/v2\/users\/1"}],"replies":[{"embeddable":true,"href":"https:\/\/www.raulmayoral.es\/index.php\/wp-json\/wp\/v2\/comments?post=1957"}],"version-history":[{"count":3,"href":"https:\/\/www.raulmayoral.es\/index.php\/wp-json\/wp\/v2\/posts\/1957\/revisions"}],"predecessor-version":[{"id":1994,"href":"https:\/\/www.raulmayoral.es\/index.php\/wp-json\/wp\/v2\/posts\/1957\/revisions\/1994"}],"wp:featuredmedia":[{"embeddable":true,"href":"https:\/\/www.raulmayoral.es\/index.php\/wp-json\/wp\/v2\/media\/1958"}],"wp:attachment":[{"href":"https:\/\/www.raulmayoral.es\/index.php\/wp-json\/wp\/v2\/media?parent=1957"}],"wp:term":[{"taxonomy":"category","embeddable":true,"href":"https:\/\/www.raulmayoral.es\/index.php\/wp-json\/wp\/v2\/categories?post=1957"},{"taxonomy":"post_tag","embeddable":true,"href":"https:\/\/www.raulmayoral.es\/index.php\/wp-json\/wp\/v2\/tags?post=1957"}],"curies":[{"name":"wp","href":"https:\/\/api.w.org\/{rel}","templated":true}]}}