{"id":1968,"date":"2024-03-14T18:49:17","date_gmt":"2024-03-14T17:49:17","guid":{"rendered":"https:\/\/www.raulmayoral.es\/?p=1968"},"modified":"2026-03-14T14:13:16","modified_gmt":"2026-03-14T13:13:16","slug":"14-de-marzo-santa-matilde-895-968","status":"publish","type":"post","link":"https:\/\/www.raulmayoral.es\/index.php\/2024\/03\/14\/14-de-marzo-santa-matilde-895-968\/","title":{"rendered":"14 de marzo. Santa Matilde (895-968)"},"content":{"rendered":"\r\n<p class=\"wp-block-paragraph\">Hija del conde <strong>Teodorico<\/strong>, nacida en la Westfalia, educada en el monasterio de Herford, del que saldr\u00eda en el a\u00f1o 909 para contraer matrimonio con el duque de Sajonia, <strong>Enrique el Pajarero<\/strong>, que diez a\u00f1os despu\u00e9s se convertir\u00eda en rey de Germania, la piadosa reina <strong>Matilde<\/strong> fue de una belleza deslumbrante, pero tambi\u00e9n de una caridad inconmensurable, tanto que inclin\u00f3 a su marido a hacer limosnas a los necesitados y suavizar su violento talante de monarca (\u00abT\u00fa mitigaste mis c\u00f3leras y me apartaste a menudo de la iniquidad\u00bb, le dijo en el lecho de muerte).<\/p>\r\n\r\n\r\n\r\n<p class=\"wp-block-paragraph\">Ser\u00e1n sus hijos: <strong>Ot\u00f3n el Grande<\/strong>, emperador de Alemania; <strong>Enrique<\/strong>, duque de Baviera; <strong>Bruno<\/strong>, arzobispo de Colonia; <strong>Gerberga<\/strong>, esposa de <strong>Luis de Outremer<\/strong>; y <strong>Eduvigis<\/strong>, la madre de <strong>Hugo Capeto<\/strong>. El periodo m\u00e1s grande de su vida fue el de sus treinta y cinco a\u00f1os de viudez, durante los cuales no le faltaron humillaciones y enfrentamientos con dos de sus cinco hijos: Ot\u00f3n I y Enrique. Retirada en los monasterios de Engern, en Westfalia, y de Nordhausen, en Turingia, su preocupaci\u00f3n constante fueron los pobres y las almas, los hospitales y los templos.<\/p>\r\n<p>Quiso ser enterrada junto a la tumba de su esposo en el monasterio de <strong>San Gervasio<\/strong> de Quedlinburg, que hab\u00eda fundado. Muri\u00f3 septuagenaria el 14 de marzo del a\u00f1o 968, en Halberstad, asistida por su nieto, <strong>Guillermo<\/strong>, arzobispo de Mainz, llena de honores y colmada de buenas obras.<\/p>\r\n\r\n\r\n\r\n<p class=\"wp-block-paragraph\">\u00a0Fue madre de los pobres repartiendo cuanto ten\u00eda entre los menesterosos. Fue precisamente ese af\u00e1n suyo por dar lo que motiv\u00f3 calumnias y conflictos con sus hijos. Tanto desprendimiento parec\u00eda de loca. En<strong> Santa Matilde <\/strong>se da, una vez m\u00e1s, el caso de quien atrae incomprensi\u00f3n e injurias por ejercitar virtudes tan altas que resultan inconcebibles para la mayor\u00eda.<\/p>\r\n\r\n\r\n\r\n<p class=\"wp-block-paragraph\">Fuente: <em>La casa de los Santos. Un Santo para cada d\u00eda.<\/em> Carlos Pujol y <em>Los Santos, noticia diaria<\/em>. Valeriano Ord\u00f3\u00f1ez.<\/p>\r\n<p><strong>San Arnaldo<\/strong><\/p>\r\n<p>Abad del monasterio benedictino de Santa Justina de Padua, muere en la c\u00e1rcel el a\u00f1o 1225, v\u00edctima de la tiran\u00eda de <strong>Azzelino<\/strong>.<\/p>\r\n<p><em>Los Santos, noticia diaria<\/em>. Valeriano Ord\u00f3\u00f1ez.<\/p>\r\n<p>&nbsp;<\/p>\r\n\r\n\r\n\r\n<p class=\"wp-block-paragraph\"><strong>Libercast<\/strong>: Libramos la batalla de las ideas. <a href=\"https:\/\/www.youtube.com\/@libercast.oficial\">https:\/\/www.youtube.com\/@libercast.oficial<\/a><\/p>\r\n","protected":false},"excerpt":{"rendered":"<p>Hija del conde Teodorico, nacida en la Westfalia, educada en el monasterio de Herford, del que saldr\u00eda en el a\u00f1o 909 para contraer matrimonio con el duque de Sajonia, Enrique el Pajarero, que diez a\u00f1os despu\u00e9s se convertir\u00eda en rey de Germania, la piadosa reina Matilde fue de una belleza deslumbrante, pero tambi\u00e9n de una [&hellip;]<\/p>\n","protected":false},"author":1,"featured_media":1969,"comment_status":"open","ping_status":"open","sticky":false,"template":"","format":"standard","meta":{"_crdt_document":"","om_disable_all_campaigns":false,"_monsterinsights_skip_tracking":false,"_monsterinsights_sitenote_active":false,"_monsterinsights_sitenote_note":"","_monsterinsights_sitenote_category":0,"_uf_show_specific_survey":0,"_uf_disable_surveys":false,"jetpack_post_was_ever_published":false,"_jetpack_newsletter_access":"","_jetpack_dont_email_post_to_subs":false,"_jetpack_newsletter_tier_id":0,"_jetpack_memberships_contains_paywalled_content":false,"_jetpack_memberships_contains_paid_content":false,"footnotes":"","jetpack_publicize_message":"","jetpack_publicize_feature_enabled":true,"jetpack_social_post_already_shared":false,"jetpack_social_options":{"image_generator_settings":{"template":"highway","default_image_id":0,"font":"","enabled":false},"version":2}},"categories":[32],"tags":[],"class_list":["post-1968","post","type-post","status-publish","format-standard","has-post-thumbnail","hentry","category-santoral"],"aioseo_notices":[],"jetpack_publicize_connections":[],"jetpack_featured_media_url":"https:\/\/i0.wp.com\/www.raulmayoral.es\/wp-content\/uploads\/2024\/03\/14-marzo.jpg?fit=300%2C168&ssl=1","jetpack-related-posts":[],"jetpack_sharing_enabled":true,"_links":{"self":[{"href":"https:\/\/www.raulmayoral.es\/index.php\/wp-json\/wp\/v2\/posts\/1968","targetHints":{"allow":["GET"]}}],"collection":[{"href":"https:\/\/www.raulmayoral.es\/index.php\/wp-json\/wp\/v2\/posts"}],"about":[{"href":"https:\/\/www.raulmayoral.es\/index.php\/wp-json\/wp\/v2\/types\/post"}],"author":[{"embeddable":true,"href":"https:\/\/www.raulmayoral.es\/index.php\/wp-json\/wp\/v2\/users\/1"}],"replies":[{"embeddable":true,"href":"https:\/\/www.raulmayoral.es\/index.php\/wp-json\/wp\/v2\/comments?post=1968"}],"version-history":[{"count":5,"href":"https:\/\/www.raulmayoral.es\/index.php\/wp-json\/wp\/v2\/posts\/1968\/revisions"}],"predecessor-version":[{"id":3627,"href":"https:\/\/www.raulmayoral.es\/index.php\/wp-json\/wp\/v2\/posts\/1968\/revisions\/3627"}],"wp:featuredmedia":[{"embeddable":true,"href":"https:\/\/www.raulmayoral.es\/index.php\/wp-json\/wp\/v2\/media\/1969"}],"wp:attachment":[{"href":"https:\/\/www.raulmayoral.es\/index.php\/wp-json\/wp\/v2\/media?parent=1968"}],"wp:term":[{"taxonomy":"category","embeddable":true,"href":"https:\/\/www.raulmayoral.es\/index.php\/wp-json\/wp\/v2\/categories?post=1968"},{"taxonomy":"post_tag","embeddable":true,"href":"https:\/\/www.raulmayoral.es\/index.php\/wp-json\/wp\/v2\/tags?post=1968"}],"curies":[{"name":"wp","href":"https:\/\/api.w.org\/{rel}","templated":true}]}}