{"id":1984,"date":"2024-03-15T22:26:46","date_gmt":"2024-03-15T21:26:46","guid":{"rendered":"https:\/\/www.raulmayoral.es\/?p=1984"},"modified":"2024-03-15T22:45:52","modified_gmt":"2024-03-15T21:45:52","slug":"15-de-marzo-san-longinos-siglo-i","status":"publish","type":"post","link":"https:\/\/www.raulmayoral.es\/index.php\/2024\/03\/15\/15-de-marzo-san-longinos-siglo-i\/","title":{"rendered":"15 de marzo. San Longinos (siglo I)"},"content":{"rendered":"\n<p class=\"wp-block-paragraph\">Es el centuri\u00f3n que traspas\u00f3 con una lanza ( de ah\u00ed su nombre, que deriva de lanza en griego), el costado de<strong> Jesucristo<\/strong>. \u00abVerdaderamente este hombre era justo\u00bb, cuenta <strong>San Lucas <\/strong>que eso manifest\u00f3 <strong>Longinos<\/strong> al ver el oscurecimiento del sol y el terremoto, glorificando a <strong>Dios<\/strong>. Despu\u00e9s de convertirse, renunci\u00f3 a la milicia y se retir\u00f3 a Ceas\u00e1rea de Capadocia, donde hizo vida mon\u00e1stica. <\/p>\n\n\n\n<p class=\"wp-block-paragraph\">Un simple soldado que cumpl\u00eda \u00f3rdenes, no era un perseguidor como<strong> Saulo<\/strong>, sino que estaba all\u00ed por raz\u00f3n de su oficio. Fue el deber el que lo hizo coincidir con <strong>Jes\u00fas<\/strong>, que le esper\u00f3 en la cruz cuando un requisito t\u00e9cnico para comprobar la muerte del Crucificado provoc\u00f3 en Longinos un gran cambio.<\/p>\n\n\n\n<p class=\"wp-block-paragraph\">La lanza de Longinos, conservada en Constantinopla, fue un regalo del sult\u00e1n <strong>Bayaceto <\/strong>al <strong>Papa Inocencio VIII,<\/strong> y la reliquia se conserva en<strong> San Pedro <\/strong>sobre la hornacina para la cual <strong>Bernini <\/strong>esculpi\u00f3 su m\u00e1rmol como un atleta glorioso que contempla deslumbrado la luz de la altura con un gesto de \u00e9nfasis en el que pone toda su vida.<\/p>\n\n\n\n<p class=\"wp-block-paragraph\">Fuente: <em>La casa de los Santos. Un Santo para cada d\u00eda.<\/em> Carlos Pujol.<\/p>\n\n\n\n<p class=\"wp-block-paragraph\"><\/p>\n\n\n\n<p class=\"wp-block-paragraph\"><strong>Libercast<\/strong>:  <a href=\"https:\/\/www.youtube.com\/@libercast.oficial\/featured\" title=\"\">https:\/\/www.youtube.com\/@libercast.oficial\/featured<\/a><\/p>\n","protected":false},"excerpt":{"rendered":"<p>Es el centuri\u00f3n que traspas\u00f3 con una lanza ( de ah\u00ed su nombre, que deriva de lanza en griego), el costado de Jesucristo. \u00abVerdaderamente este hombre era justo\u00bb, cuenta San Lucas que eso manifest\u00f3 Longinos al ver el oscurecimiento del sol y el terremoto, glorificando a Dios. Despu\u00e9s de convertirse, renunci\u00f3 a la milicia y [&hellip;]<\/p>\n","protected":false},"author":1,"featured_media":1985,"comment_status":"open","ping_status":"open","sticky":false,"template":"","format":"standard","meta":{"_crdt_document":"","om_disable_all_campaigns":false,"_monsterinsights_skip_tracking":false,"_monsterinsights_sitenote_active":false,"_monsterinsights_sitenote_note":"","_monsterinsights_sitenote_category":0,"_uf_show_specific_survey":0,"_uf_disable_surveys":false,"jetpack_post_was_ever_published":false,"_jetpack_newsletter_access":"","_jetpack_dont_email_post_to_subs":false,"_jetpack_newsletter_tier_id":0,"_jetpack_memberships_contains_paywalled_content":false,"_jetpack_memberships_contains_paid_content":false,"footnotes":"","jetpack_publicize_message":"","jetpack_publicize_feature_enabled":true,"jetpack_social_post_already_shared":false,"jetpack_social_options":{"image_generator_settings":{"template":"highway","default_image_id":0,"font":"","enabled":false},"version":2}},"categories":[32],"tags":[],"class_list":["post-1984","post","type-post","status-publish","format-standard","has-post-thumbnail","hentry","category-santoral"],"aioseo_notices":[],"jetpack_publicize_connections":[],"jetpack_featured_media_url":"https:\/\/i0.wp.com\/www.raulmayoral.es\/wp-content\/uploads\/2024\/03\/15-marzo.jpg?fit=250%2C381&ssl=1","jetpack-related-posts":[],"jetpack_sharing_enabled":true,"_links":{"self":[{"href":"https:\/\/www.raulmayoral.es\/index.php\/wp-json\/wp\/v2\/posts\/1984","targetHints":{"allow":["GET"]}}],"collection":[{"href":"https:\/\/www.raulmayoral.es\/index.php\/wp-json\/wp\/v2\/posts"}],"about":[{"href":"https:\/\/www.raulmayoral.es\/index.php\/wp-json\/wp\/v2\/types\/post"}],"author":[{"embeddable":true,"href":"https:\/\/www.raulmayoral.es\/index.php\/wp-json\/wp\/v2\/users\/1"}],"replies":[{"embeddable":true,"href":"https:\/\/www.raulmayoral.es\/index.php\/wp-json\/wp\/v2\/comments?post=1984"}],"version-history":[{"count":2,"href":"https:\/\/www.raulmayoral.es\/index.php\/wp-json\/wp\/v2\/posts\/1984\/revisions"}],"predecessor-version":[{"id":1987,"href":"https:\/\/www.raulmayoral.es\/index.php\/wp-json\/wp\/v2\/posts\/1984\/revisions\/1987"}],"wp:featuredmedia":[{"embeddable":true,"href":"https:\/\/www.raulmayoral.es\/index.php\/wp-json\/wp\/v2\/media\/1985"}],"wp:attachment":[{"href":"https:\/\/www.raulmayoral.es\/index.php\/wp-json\/wp\/v2\/media?parent=1984"}],"wp:term":[{"taxonomy":"category","embeddable":true,"href":"https:\/\/www.raulmayoral.es\/index.php\/wp-json\/wp\/v2\/categories?post=1984"},{"taxonomy":"post_tag","embeddable":true,"href":"https:\/\/www.raulmayoral.es\/index.php\/wp-json\/wp\/v2\/tags?post=1984"}],"curies":[{"name":"wp","href":"https:\/\/api.w.org\/{rel}","templated":true}]}}