{"id":1989,"date":"2024-03-16T18:40:49","date_gmt":"2024-03-16T17:40:49","guid":{"rendered":"https:\/\/www.raulmayoral.es\/?p=1989"},"modified":"2024-03-16T18:40:51","modified_gmt":"2024-03-16T17:40:51","slug":"16-de-marzo-san-abraham-360","status":"publish","type":"post","link":"https:\/\/www.raulmayoral.es\/index.php\/2024\/03\/16\/16-de-marzo-san-abraham-360\/","title":{"rendered":"16 de marzo. San Abraham (&#8230; &#8211; 360)"},"content":{"rendered":"\n<p class=\"wp-block-paragraph\">Debi\u00f3 de nacer en Edesa, en la Mesopotamia del norte. El primer episodio conocido de la vida de <strong>Abraham<\/strong> es extra\u00f1o y escandaloso: en su noche de bodas abandon\u00f3 a la novia y huy\u00f3 muy lejos, hasta la regi\u00f3n de Helesponto, lo que hoy es el Estrecho de los Dardanelos, para convertirse en un penitente ermita\u00f1o. All\u00ed vivi\u00f3 en una gruta durante diez a\u00f1os en la m\u00e1s completa soledad. <\/p>\n\n\n\n<p class=\"wp-block-paragraph\">El obispo de Lampsaco (hoy, ciudad turca de Lapseki), le suplic\u00f3 que accediera a evangelizar a un pueblo de aquellos contornos, cuya barbarie era proverbial y que se distingu\u00eda por su tenacidad en el paganismo. Muy a pesar suyo, el eremita acab\u00f3 aceptando tal misi\u00f3n y, tras ordenarse sacerdote, se dirigi\u00f3 hacia all\u00ed.<\/p>\n\n\n\n<p class=\"wp-block-paragraph\">Lo primero que hizo Abraham fue levantar una suntuosa iglesia, para que el verdadero Dios tuviera una casa digna de \u00c9l, y luego destruy\u00f3 los \u00eddolos a los que tan apegados estaban los lugare\u00f1os; \u00e9stos, como era de esperar, montaron en c\u00f3lera, le dieron una soberana paliza y le echaron de all\u00ed. Al d\u00eda siguiente, \u00e9l volvi\u00f3 para predicar, repiti\u00e9ndose la misma escena con palos e injurias. <\/p>\n\n\n\n<p class=\"wp-block-paragraph\">Pero Abraham insist\u00eda una y otra vez lleno de mansedumbre y caridad, recibiendo los malos tratos con una sonrisa, hasta que al cabo de tres a\u00f1os su ejemplo inaudito conmovi\u00f3 a los id\u00f3latras, que pidieron hacerse cristianos. \u00c9l les instruy\u00f3 en la fe, bautiz\u00f3 a un millar de personas y en seguida huy\u00f3 a su gruta para seguir viviendo hasta su muerte en la bendita soledad de <strong>Dios<\/strong>. <\/p>\n\n\n\n<p class=\"wp-block-paragraph\">Fuente.<em> La casa de los Santos. Un Santo para cada d\u00eda.<\/em> Carlos Pujol.<\/p>\n\n\n\n<p class=\"wp-block-paragraph\">Libercast: Te explicamos por qu\u00e9 Francia exporta de nuevo la guillotina<\/p>\n\n\n\n<figure class=\"wp-block-embed is-type-video is-provider-youtube wp-block-embed-youtube wp-embed-aspect-16-9 wp-has-aspect-ratio\"><div class=\"wp-block-embed__wrapper\">\n<iframe loading=\"lazy\" title=\"\u00bfEs Francia un estado totalitario? #batallacultural #economia #historia\" width=\"625\" height=\"352\" src=\"https:\/\/www.youtube.com\/embed\/i0WXsdeYJd4?feature=oembed\" frameborder=\"0\" allow=\"accelerometer; autoplay; clipboard-write; encrypted-media; gyroscope; picture-in-picture; web-share\" referrerpolicy=\"strict-origin-when-cross-origin\" allowfullscreen><\/iframe>\n<\/div><\/figure>\n\n\n\n<p class=\"wp-block-paragraph\"><\/p>\n\n\n\n<p class=\"wp-block-paragraph\">&lt;&lt;<\/p>\n","protected":false},"excerpt":{"rendered":"<p>Debi\u00f3 de nacer en Edesa, en la Mesopotamia del norte. El primer episodio conocido de la vida de Abraham es extra\u00f1o y escandaloso: en su noche de bodas abandon\u00f3 a la novia y huy\u00f3 muy lejos, hasta la regi\u00f3n de Helesponto, lo que hoy es el Estrecho de los Dardanelos, para convertirse en un penitente [&hellip;]<\/p>\n","protected":false},"author":1,"featured_media":1990,"comment_status":"open","ping_status":"open","sticky":false,"template":"","format":"standard","meta":{"_crdt_document":"","om_disable_all_campaigns":false,"_monsterinsights_skip_tracking":false,"_monsterinsights_sitenote_active":false,"_monsterinsights_sitenote_note":"","_monsterinsights_sitenote_category":0,"_uf_show_specific_survey":0,"_uf_disable_surveys":false,"jetpack_post_was_ever_published":false,"_jetpack_newsletter_access":"","_jetpack_dont_email_post_to_subs":false,"_jetpack_newsletter_tier_id":0,"_jetpack_memberships_contains_paywalled_content":false,"_jetpack_memberships_contains_paid_content":false,"footnotes":"","jetpack_publicize_message":"","jetpack_publicize_feature_enabled":true,"jetpack_social_post_already_shared":false,"jetpack_social_options":{"image_generator_settings":{"template":"highway","default_image_id":0,"font":"","enabled":false},"version":2}},"categories":[32],"tags":[],"class_list":["post-1989","post","type-post","status-publish","format-standard","has-post-thumbnail","hentry","category-santoral"],"aioseo_notices":[],"jetpack_publicize_connections":[],"jetpack_featured_media_url":"https:\/\/i0.wp.com\/www.raulmayoral.es\/wp-content\/uploads\/2024\/03\/16-de-marzo.jpg?fit=260%2C198&ssl=1","jetpack-related-posts":[],"jetpack_sharing_enabled":true,"_links":{"self":[{"href":"https:\/\/www.raulmayoral.es\/index.php\/wp-json\/wp\/v2\/posts\/1989","targetHints":{"allow":["GET"]}}],"collection":[{"href":"https:\/\/www.raulmayoral.es\/index.php\/wp-json\/wp\/v2\/posts"}],"about":[{"href":"https:\/\/www.raulmayoral.es\/index.php\/wp-json\/wp\/v2\/types\/post"}],"author":[{"embeddable":true,"href":"https:\/\/www.raulmayoral.es\/index.php\/wp-json\/wp\/v2\/users\/1"}],"replies":[{"embeddable":true,"href":"https:\/\/www.raulmayoral.es\/index.php\/wp-json\/wp\/v2\/comments?post=1989"}],"version-history":[{"count":2,"href":"https:\/\/www.raulmayoral.es\/index.php\/wp-json\/wp\/v2\/posts\/1989\/revisions"}],"predecessor-version":[{"id":1992,"href":"https:\/\/www.raulmayoral.es\/index.php\/wp-json\/wp\/v2\/posts\/1989\/revisions\/1992"}],"wp:featuredmedia":[{"embeddable":true,"href":"https:\/\/www.raulmayoral.es\/index.php\/wp-json\/wp\/v2\/media\/1990"}],"wp:attachment":[{"href":"https:\/\/www.raulmayoral.es\/index.php\/wp-json\/wp\/v2\/media?parent=1989"}],"wp:term":[{"taxonomy":"category","embeddable":true,"href":"https:\/\/www.raulmayoral.es\/index.php\/wp-json\/wp\/v2\/categories?post=1989"},{"taxonomy":"post_tag","embeddable":true,"href":"https:\/\/www.raulmayoral.es\/index.php\/wp-json\/wp\/v2\/tags?post=1989"}],"curies":[{"name":"wp","href":"https:\/\/api.w.org\/{rel}","templated":true}]}}