{"id":1998,"date":"2024-03-17T20:51:15","date_gmt":"2024-03-17T19:51:15","guid":{"rendered":"https:\/\/www.raulmayoral.es\/?p=1998"},"modified":"2024-03-17T20:53:57","modified_gmt":"2024-03-17T19:53:57","slug":"17-de-marzo-san-jose-de-arimatea-siglo-i","status":"publish","type":"post","link":"https:\/\/www.raulmayoral.es\/index.php\/2024\/03\/17\/17-de-marzo-san-jose-de-arimatea-siglo-i\/","title":{"rendered":"17 de marzo. San Jos\u00e9 de Arimatea (siglo I)"},"content":{"rendered":"\n<p class=\"wp-block-paragraph\">Este hombre fue lo que hoy en una plaza de toros llamar\u00edamos un espont\u00e1neo. Pero con tanto valor que oscurecer\u00eda a los mismos toreros. <strong>Jes\u00fas <\/strong>acababa de morir ignominiosamente, <strong>Pedro<\/strong> ha renegado de \u00c9l por tres veces en p\u00fablico, los ap\u00f3stoles, acobardados y vencidos por el desaliento, se esconden o dispersan, como hoy tantos cristianos de sal\u00f3n y escaparate; y en la prueba, el \u00fanico que da la cara, el \u00fanico que se arma de valor y se presenta ante <strong>Pilatos<\/strong>, pidi\u00e9ndole autorizaci\u00f3n para sepultar al Maestro, es <strong>Jos\u00e9 de Arimatea<\/strong>. \u00a1Torero! Es como si <strong>San Jos\u00e9<\/strong> le pidiera a un tocayo suyo que hiciera ese gesto tan descomunalmente humano de rescatar el Cuerpo de <strong>Cristo<\/strong>, su hijo.<\/p>\n\n\n\n<p class=\"wp-block-paragraph\">Los cuatro evangelistas le mencionan, aunque muy brevemente, pero todos coinciden en se\u00f1alar su intervenci\u00f3n en el mismo episodio, el \u00fanico episodio por el cual este notable de Jerusal\u00e9n, \u00abhombre rico pero tambi\u00e9n disc\u00edpulo de Jes\u00fas\u00bb seg\u00fan <strong>San Mateo<\/strong>, \u00abpersona buena y honrada\u00bb seg\u00fan <strong>San Lucas<\/strong>, pero \u00abclandestino, por miedo a las autoridades jud\u00edas\u00bb, seg\u00fan <strong>San Juan<\/strong>, \u00abilustre pero disc\u00edpulo vergonzante que se arma de valor\u00bb seg\u00fan <strong>San Marcos<\/strong>, aparece de un modo fugaz en la historia de Cristo.<\/p>\n\n\n\n<p class=\"wp-block-paragraph\">Con la ayuda de <strong>Nicodemo<\/strong>, Jos\u00e9 desclava el cuerpo de la cruz y lo lleva a un sepulcro excavado en la roca (por eso es patr\u00f3n de embalsamadores y sepultureros). <strong>San Jos\u00e9 de Arimatea <\/strong>inspira un gran respeto por esa dignidad que sale de la sombra en el peor momento con una valent\u00eda que no tuvieron los m\u00e1s fieles. \u00c9l, quiz\u00e1 mal visto por los ap\u00f3stoles, que pod\u00edan reprocharle que no se comprometiera, tiene el incontenible arrojo de los t\u00edmidos, la impensada serenidad de los nerviosos, la brusca decisi\u00f3n de los titubeantes, y por eso se le venera, por haber hecho valientemente misericordia con el Se\u00f1or. Un torero. Un l\u00edder.<\/p>\n\n\n\n<p class=\"wp-block-paragraph\">Fuente. <em>La casa de los Santos. Un Santo para cada d\u00eda<\/em>. Carlos Pujol.<\/p>\n\n\n\n<p class=\"wp-block-paragraph\">Libercast: <a href=\"https:\/\/www.youtube.com\/@libercast.oficial\/featured\" title=\"\">https:\/\/www.youtube.com\/@libercast.oficial\/featured<\/a><\/p>\n\n\n\n<p class=\"wp-block-paragraph\">    <\/p>\n","protected":false},"excerpt":{"rendered":"<p>Este hombre fue lo que hoy en una plaza de toros llamar\u00edamos un espont\u00e1neo. Pero con tanto valor que oscurecer\u00eda a los mismos toreros. Jes\u00fas acababa de morir ignominiosamente, Pedro ha renegado de \u00c9l por tres veces en p\u00fablico, los ap\u00f3stoles, acobardados y vencidos por el desaliento, se esconden o dispersan, como hoy tantos cristianos [&hellip;]<\/p>\n","protected":false},"author":1,"featured_media":1999,"comment_status":"open","ping_status":"open","sticky":false,"template":"","format":"standard","meta":{"_crdt_document":"","om_disable_all_campaigns":false,"_monsterinsights_skip_tracking":false,"_monsterinsights_sitenote_active":false,"_monsterinsights_sitenote_note":"","_monsterinsights_sitenote_category":0,"_uf_show_specific_survey":0,"_uf_disable_surveys":false,"jetpack_post_was_ever_published":false,"_jetpack_newsletter_access":"","_jetpack_dont_email_post_to_subs":false,"_jetpack_newsletter_tier_id":0,"_jetpack_memberships_contains_paywalled_content":false,"_jetpack_memberships_contains_paid_content":false,"footnotes":"","jetpack_publicize_message":"","jetpack_publicize_feature_enabled":true,"jetpack_social_post_already_shared":false,"jetpack_social_options":{"image_generator_settings":{"template":"highway","default_image_id":0,"font":"","enabled":false},"version":2}},"categories":[32],"tags":[],"class_list":["post-1998","post","type-post","status-publish","format-standard","has-post-thumbnail","hentry","category-santoral"],"aioseo_notices":[],"jetpack_publicize_connections":[],"jetpack_featured_media_url":"https:\/\/i0.wp.com\/www.raulmayoral.es\/wp-content\/uploads\/2024\/03\/17-de-marzo.jpg?fit=400%2C372&ssl=1","jetpack-related-posts":[],"jetpack_sharing_enabled":true,"_links":{"self":[{"href":"https:\/\/www.raulmayoral.es\/index.php\/wp-json\/wp\/v2\/posts\/1998","targetHints":{"allow":["GET"]}}],"collection":[{"href":"https:\/\/www.raulmayoral.es\/index.php\/wp-json\/wp\/v2\/posts"}],"about":[{"href":"https:\/\/www.raulmayoral.es\/index.php\/wp-json\/wp\/v2\/types\/post"}],"author":[{"embeddable":true,"href":"https:\/\/www.raulmayoral.es\/index.php\/wp-json\/wp\/v2\/users\/1"}],"replies":[{"embeddable":true,"href":"https:\/\/www.raulmayoral.es\/index.php\/wp-json\/wp\/v2\/comments?post=1998"}],"version-history":[{"count":2,"href":"https:\/\/www.raulmayoral.es\/index.php\/wp-json\/wp\/v2\/posts\/1998\/revisions"}],"predecessor-version":[{"id":2002,"href":"https:\/\/www.raulmayoral.es\/index.php\/wp-json\/wp\/v2\/posts\/1998\/revisions\/2002"}],"wp:featuredmedia":[{"embeddable":true,"href":"https:\/\/www.raulmayoral.es\/index.php\/wp-json\/wp\/v2\/media\/1999"}],"wp:attachment":[{"href":"https:\/\/www.raulmayoral.es\/index.php\/wp-json\/wp\/v2\/media?parent=1998"}],"wp:term":[{"taxonomy":"category","embeddable":true,"href":"https:\/\/www.raulmayoral.es\/index.php\/wp-json\/wp\/v2\/categories?post=1998"},{"taxonomy":"post_tag","embeddable":true,"href":"https:\/\/www.raulmayoral.es\/index.php\/wp-json\/wp\/v2\/tags?post=1998"}],"curies":[{"name":"wp","href":"https:\/\/api.w.org\/{rel}","templated":true}]}}