{"id":2003,"date":"2024-03-18T20:19:46","date_gmt":"2024-03-18T19:19:46","guid":{"rendered":"https:\/\/www.raulmayoral.es\/?p=2003"},"modified":"2024-03-18T20:19:48","modified_gmt":"2024-03-18T19:19:48","slug":"18-de-marzo-san-salvador-de-horta-1520-1567","status":"publish","type":"post","link":"https:\/\/www.raulmayoral.es\/index.php\/2024\/03\/18\/18-de-marzo-san-salvador-de-horta-1520-1567\/","title":{"rendered":"18 de marzo. San Salvador de Horta (1520-1567)"},"content":{"rendered":"\n<p class=\"wp-block-paragraph\">Nacido de padres sardos de muy modesta condici\u00f3n, <strong>Salvador<\/strong>, al quedar hu\u00e9rfano, se traslada a Barcelona, en donde fue pay\u00e9s hasta su ingreso en el convento franciscano de <strong>Jes\u00fas<\/strong>. En la comunidad fue portero, hortelano, limosnero, sacrist\u00e1n, cocinero, hiciera lo que hiciese fray Salvador era siempre un vivo ejemplo de piedad y humildad, de alegr\u00eda y santa despreocupaci\u00f3n, que a veces perturbaba a sus superiores, como en el famoso milagro de los \u00e1ngeles que guisaron por \u00e9l la mejor de las cenas mientras estaba abstra\u00eddo rezando.<\/p>\n\n\n\n<p class=\"wp-block-paragraph\">Empez\u00f3 a ir de convento en convento, entre ellos el de Horta de <strong>San Juan<\/strong>, en Tarragona, de donde tom\u00f3 el nombre, porque resultaba engorroso en todas las comunidades haciendo enormes y estupendos milagros, no habiendo orden ni paz all\u00ed donde estuviera por la afluencia de multitudes. Se le prohibi\u00f3 que hiciese milagros, pero en vano, porque aqu\u00e9l chorro de prodigios era incontenible e involuntario. Se amotinaron los fieles cuando no se le dejaba aparecer en p\u00fablico, fue procesado por la Inquisici\u00f3n, que declar\u00f3 pur\u00edsimos sus actos y su doctrina. El propio rey <strong>Felipe II<\/strong> quiso conocerle y le llam\u00f3 a Madrid. \u00ab\u00bfQu\u00e9 ganar\u00e9is con ver a un pobre cocinero del padre San Francisco?\u00bb, le dijo al gran monarca en catal\u00e1n, la \u00fanica lengua que hablaba.<\/p>\n\n\n\n<p class=\"wp-block-paragraph\">Por fin, en uno de sus traslados, <strong>San Salvador de Horta<\/strong> muri\u00f3 en Cagliari, la tierra de sus padres, y el recuerdo de aqu\u00e9l frailecito de los milagros alegres con un candor en la fe que le hac\u00eda omnipotente, ha llegado hasta nosotros como un conmovedor testimonio de la uni\u00f3n con Dios. <\/p>\n\n\n\n<p class=\"wp-block-paragraph\">Fuente. <em>La casa de los Santos. Un Santo para cada d\u00eda.<\/em> Carlos Pujol.<\/p>\n\n\n\n<p class=\"wp-block-paragraph\">Nos vemos en <strong>Libercast<\/strong>, el canal de You Tube en donde se libra la batalla cultural por el rearme moral y la defensa de la libertad. <a href=\"https:\/\/www.youtube.com\/@libercast.oficial\" title=\"\">https:\/\/www.youtube.com\/@libercast.oficial<\/a><\/p>\n","protected":false},"excerpt":{"rendered":"<p>Nacido de padres sardos de muy modesta condici\u00f3n, Salvador, al quedar hu\u00e9rfano, se traslada a Barcelona, en donde fue pay\u00e9s hasta su ingreso en el convento franciscano de Jes\u00fas. En la comunidad fue portero, hortelano, limosnero, sacrist\u00e1n, cocinero, hiciera lo que hiciese fray Salvador era siempre un vivo ejemplo de piedad y humildad, de alegr\u00eda [&hellip;]<\/p>\n","protected":false},"author":1,"featured_media":2004,"comment_status":"open","ping_status":"open","sticky":false,"template":"","format":"standard","meta":{"_crdt_document":"","om_disable_all_campaigns":false,"_monsterinsights_skip_tracking":false,"_monsterinsights_sitenote_active":false,"_monsterinsights_sitenote_note":"","_monsterinsights_sitenote_category":0,"_uf_show_specific_survey":0,"_uf_disable_surveys":false,"jetpack_post_was_ever_published":false,"_jetpack_newsletter_access":"","_jetpack_dont_email_post_to_subs":false,"_jetpack_newsletter_tier_id":0,"_jetpack_memberships_contains_paywalled_content":false,"_jetpack_memberships_contains_paid_content":false,"footnotes":"","jetpack_publicize_message":"","jetpack_publicize_feature_enabled":true,"jetpack_social_post_already_shared":false,"jetpack_social_options":{"image_generator_settings":{"template":"highway","default_image_id":0,"font":"","enabled":false},"version":2}},"categories":[32],"tags":[],"class_list":["post-2003","post","type-post","status-publish","format-standard","has-post-thumbnail","hentry","category-santoral"],"aioseo_notices":[],"jetpack_publicize_connections":[],"jetpack_featured_media_url":"https:\/\/i0.wp.com\/www.raulmayoral.es\/wp-content\/uploads\/2024\/03\/18-de-marzo.jpg?fit=471%2C754&ssl=1","jetpack-related-posts":[],"jetpack_sharing_enabled":true,"_links":{"self":[{"href":"https:\/\/www.raulmayoral.es\/index.php\/wp-json\/wp\/v2\/posts\/2003","targetHints":{"allow":["GET"]}}],"collection":[{"href":"https:\/\/www.raulmayoral.es\/index.php\/wp-json\/wp\/v2\/posts"}],"about":[{"href":"https:\/\/www.raulmayoral.es\/index.php\/wp-json\/wp\/v2\/types\/post"}],"author":[{"embeddable":true,"href":"https:\/\/www.raulmayoral.es\/index.php\/wp-json\/wp\/v2\/users\/1"}],"replies":[{"embeddable":true,"href":"https:\/\/www.raulmayoral.es\/index.php\/wp-json\/wp\/v2\/comments?post=2003"}],"version-history":[{"count":1,"href":"https:\/\/www.raulmayoral.es\/index.php\/wp-json\/wp\/v2\/posts\/2003\/revisions"}],"predecessor-version":[{"id":2005,"href":"https:\/\/www.raulmayoral.es\/index.php\/wp-json\/wp\/v2\/posts\/2003\/revisions\/2005"}],"wp:featuredmedia":[{"embeddable":true,"href":"https:\/\/www.raulmayoral.es\/index.php\/wp-json\/wp\/v2\/media\/2004"}],"wp:attachment":[{"href":"https:\/\/www.raulmayoral.es\/index.php\/wp-json\/wp\/v2\/media?parent=2003"}],"wp:term":[{"taxonomy":"category","embeddable":true,"href":"https:\/\/www.raulmayoral.es\/index.php\/wp-json\/wp\/v2\/categories?post=2003"},{"taxonomy":"post_tag","embeddable":true,"href":"https:\/\/www.raulmayoral.es\/index.php\/wp-json\/wp\/v2\/tags?post=2003"}],"curies":[{"name":"wp","href":"https:\/\/api.w.org\/{rel}","templated":true}]}}