{"id":2007,"date":"2024-03-19T09:15:45","date_gmt":"2024-03-19T08:15:45","guid":{"rendered":"https:\/\/www.raulmayoral.es\/?p=2007"},"modified":"2024-03-19T09:15:48","modified_gmt":"2024-03-19T08:15:48","slug":"19-de-marzo-san-jose-siglo-i","status":"publish","type":"post","link":"https:\/\/www.raulmayoral.es\/index.php\/2024\/03\/19\/19-de-marzo-san-jose-siglo-i\/","title":{"rendered":"19 de marzo. San Jos\u00e9 (siglo I)"},"content":{"rendered":"\n<p class=\"wp-block-paragraph\"><strong>Jos\u00e9<\/strong> es el primero de los Santos. Patriarca de la vara florida. Padre nutricio del <strong>Ni\u00f1o Dios<\/strong>, casto esposo de la <strong>Virgen<\/strong>, Patr\u00f3n de la Iglesia universal y de los padres de familia. Su nombre se invoca junto a los de <strong>Jes\u00fas<\/strong> y <strong>Mar\u00eda <\/strong>formando lo que se ha llamado la trinidad de este mundo. <\/p>\n\n\n\n<p class=\"wp-block-paragraph\">Los Evangelios son muy parcos al hablar de \u00e9l: era del linaje de <strong>David<\/strong>, cuid\u00f3 de la Sagrada Familia en Bel\u00e9n, Egipto y Nazaret, y debi\u00f3 de morir antes de las bodas de Can\u00e1, sin duda asistido por <strong>Jesucristo<\/strong>, de ah\u00ed que sea tambi\u00e9n Patr\u00f3n de la buena muerte. Su culto, muy tard\u00edo, no se generaliza hasta la Contrarreforma, y en \u00e9l influyen tres Santos muy devotos de San Jos\u00e9: <strong>Teresa de Jes\u00fas<\/strong>, <strong>Ignacio de Loyola <\/strong>y <strong>Francisco de Sales<\/strong>. En los tiempos modernos ha adquirido una difusi\u00f3n extraordinaria en todo el orbe cat\u00f3lico. <\/p>\n\n\n\n<p class=\"wp-block-paragraph\">La suya es una Santidad discret\u00edsima, tenue (\u00abera un hombre justo\u00bb, se limita a decir <strong>San Mateo<\/strong>). No hay en todo el Evangelio una palabra suya. Este del silencio es su rasgo m\u00e1s significativo. \u00abEl hombre del silencio\u00bb, escribe <strong>Hello<\/strong>. Hace calladamente lo que <strong>Dios <\/strong>le pide que haga, aunque no lo entienda. Un silencio vale m\u00e1s que mil palabras. <\/p>\n\n\n\n<p class=\"wp-block-paragraph\">Fuente: <em>La casa de los Santos. Un Santo para cada d\u00eda<\/em>. Carlos Pujol.  <\/p>\n\n\n\n<p class=\"wp-block-paragraph\"><strong>Libercast<\/strong>: Pincha y ver\u00e1s <a href=\"https:\/\/www.youtube.com\/@libercast.oficial\" title=\"\">https:\/\/www.youtube.com\/@libercast.oficial<\/a><\/p>\n","protected":false},"excerpt":{"rendered":"<p>Jos\u00e9 es el primero de los Santos. Patriarca de la vara florida. Padre nutricio del Ni\u00f1o Dios, casto esposo de la Virgen, Patr\u00f3n de la Iglesia universal y de los padres de familia. Su nombre se invoca junto a los de Jes\u00fas y Mar\u00eda formando lo que se ha llamado la trinidad de este mundo. [&hellip;]<\/p>\n","protected":false},"author":1,"featured_media":2008,"comment_status":"open","ping_status":"open","sticky":false,"template":"","format":"standard","meta":{"_crdt_document":"","om_disable_all_campaigns":false,"_monsterinsights_skip_tracking":false,"_monsterinsights_sitenote_active":false,"_monsterinsights_sitenote_note":"","_monsterinsights_sitenote_category":0,"_uf_show_specific_survey":0,"_uf_disable_surveys":false,"jetpack_post_was_ever_published":false,"_jetpack_newsletter_access":"","_jetpack_dont_email_post_to_subs":false,"_jetpack_newsletter_tier_id":0,"_jetpack_memberships_contains_paywalled_content":false,"_jetpack_memberships_contains_paid_content":false,"footnotes":"","jetpack_publicize_message":"","jetpack_publicize_feature_enabled":true,"jetpack_social_post_already_shared":false,"jetpack_social_options":{"image_generator_settings":{"template":"highway","default_image_id":0,"font":"","enabled":false},"version":2}},"categories":[32],"tags":[],"class_list":["post-2007","post","type-post","status-publish","format-standard","has-post-thumbnail","hentry","category-santoral"],"aioseo_notices":[],"jetpack_publicize_connections":[],"jetpack_featured_media_url":"https:\/\/i0.wp.com\/www.raulmayoral.es\/wp-content\/uploads\/2024\/03\/19-de-marzo.jpg?fit=976%2C542&ssl=1","jetpack-related-posts":[],"jetpack_sharing_enabled":true,"_links":{"self":[{"href":"https:\/\/www.raulmayoral.es\/index.php\/wp-json\/wp\/v2\/posts\/2007","targetHints":{"allow":["GET"]}}],"collection":[{"href":"https:\/\/www.raulmayoral.es\/index.php\/wp-json\/wp\/v2\/posts"}],"about":[{"href":"https:\/\/www.raulmayoral.es\/index.php\/wp-json\/wp\/v2\/types\/post"}],"author":[{"embeddable":true,"href":"https:\/\/www.raulmayoral.es\/index.php\/wp-json\/wp\/v2\/users\/1"}],"replies":[{"embeddable":true,"href":"https:\/\/www.raulmayoral.es\/index.php\/wp-json\/wp\/v2\/comments?post=2007"}],"version-history":[{"count":1,"href":"https:\/\/www.raulmayoral.es\/index.php\/wp-json\/wp\/v2\/posts\/2007\/revisions"}],"predecessor-version":[{"id":2009,"href":"https:\/\/www.raulmayoral.es\/index.php\/wp-json\/wp\/v2\/posts\/2007\/revisions\/2009"}],"wp:featuredmedia":[{"embeddable":true,"href":"https:\/\/www.raulmayoral.es\/index.php\/wp-json\/wp\/v2\/media\/2008"}],"wp:attachment":[{"href":"https:\/\/www.raulmayoral.es\/index.php\/wp-json\/wp\/v2\/media?parent=2007"}],"wp:term":[{"taxonomy":"category","embeddable":true,"href":"https:\/\/www.raulmayoral.es\/index.php\/wp-json\/wp\/v2\/categories?post=2007"},{"taxonomy":"post_tag","embeddable":true,"href":"https:\/\/www.raulmayoral.es\/index.php\/wp-json\/wp\/v2\/tags?post=2007"}],"curies":[{"name":"wp","href":"https:\/\/api.w.org\/{rel}","templated":true}]}}