{"id":2013,"date":"2024-03-21T22:20:56","date_gmt":"2024-03-21T21:20:56","guid":{"rendered":"https:\/\/www.raulmayoral.es\/?p=2013"},"modified":"2024-03-21T22:21:57","modified_gmt":"2024-03-21T21:21:57","slug":"21-de-marzo-san-nicolas-de-flue-1417-1487","status":"publish","type":"post","link":"https:\/\/www.raulmayoral.es\/index.php\/2024\/03\/21\/21-de-marzo-san-nicolas-de-flue-1417-1487\/","title":{"rendered":"21 de marzo. San Nicol\u00e1s de Flue (1417-1487)"},"content":{"rendered":"\n<p class=\"wp-block-paragraph\">Santo parad\u00f3jico en todos los aspectos: Guerrero y hombre de paz, padre de familia numerosa y ermita\u00f1o, solitario y estadista diplom\u00e1tico, <strong>Nicol\u00e1s de Flue<\/strong> fund\u00f3 la patria suiza, y es venerado por cat\u00f3licos y protestantes, no siendo canonizado hasta 1947.<\/p>\n\n\n\n<p class=\"wp-block-paragraph\">Naci\u00f3 en un hogar campesino junto al lago de Lucerna. Particip\u00f3 activamente en dos guerras patri\u00f3ticas, se cas\u00f3 a los treinta a\u00f1os con <strong>Dorotea Wyss <\/strong>y tuvo diez hijos, siendo conocido en la comarca como un granjero pr\u00f3spero, respetado y de singular devoci\u00f3n. Veinte a\u00f1os despu\u00e9s, con el consentimiento de su mujer y sus hijos, y ante el esc\u00e1ndalo de sus parientes y vecinos, se retir\u00f3 a hacer vida de anacoreta a la garganta de Ranft, cerca de su casa, y all\u00ed entre prolongados ayunos, tuvo extraordinarias visiones y dio consejos a mucha gente que acud\u00eda a visitarle. <\/p>\n\n\n\n<p class=\"wp-block-paragraph\">Cuando el pa\u00eds estuvo al borde de la guerra civil por un conflicto entre cantones urbanos y rurales, <strong>San Nicol\u00e1s<\/strong>, que ya hab\u00eda sido juez de cant\u00f3n y diputado de la Dieta federal, propuso una soluci\u00f3n pol\u00edtica que fue aceptada en el acto un\u00e1nimemente (Pacto de Stans de 1481), consiguiendo salvar la unidad suiza. Muri\u00f3 en su caba\u00f1a rodeado de su familia despu\u00e9s de hacer el prodigio de armonizar maravillosamente la m\u00edstica y la pol\u00edtica, la familia y la dedicaci\u00f3n religiosa, las cosas de este mundo y la entrega absoluta a Dios. <\/p>\n\n\n\n<p class=\"wp-block-paragraph\">Fuente: <em>La casa de los Santos. Un Santo para cada d\u00eda<\/em>. Carlos Pujol. <\/p>\n\n\n\n<p class=\"wp-block-paragraph\"><strong>Libercast<\/strong> <a href=\"https:\/\/www.youtube.com\/@libercast.oficial\/featured\" title=\"\">https:\/\/www.youtube.com\/@libercast.oficial\/featured<\/a><\/p>\n","protected":false},"excerpt":{"rendered":"<p>Santo parad\u00f3jico en todos los aspectos: Guerrero y hombre de paz, padre de familia numerosa y ermita\u00f1o, solitario y estadista diplom\u00e1tico, Nicol\u00e1s de Flue fund\u00f3 la patria suiza, y es venerado por cat\u00f3licos y protestantes, no siendo canonizado hasta 1947. Naci\u00f3 en un hogar campesino junto al lago de Lucerna. Particip\u00f3 activamente en dos guerras [&hellip;]<\/p>\n","protected":false},"author":1,"featured_media":2014,"comment_status":"open","ping_status":"open","sticky":false,"template":"","format":"standard","meta":{"_crdt_document":"","om_disable_all_campaigns":false,"_monsterinsights_skip_tracking":false,"_monsterinsights_sitenote_active":false,"_monsterinsights_sitenote_note":"","_monsterinsights_sitenote_category":0,"_uf_show_specific_survey":0,"_uf_disable_surveys":false,"jetpack_post_was_ever_published":false,"_jetpack_newsletter_access":"","_jetpack_dont_email_post_to_subs":false,"_jetpack_newsletter_tier_id":0,"_jetpack_memberships_contains_paywalled_content":false,"_jetpack_memberships_contains_paid_content":false,"footnotes":"","jetpack_publicize_message":"","jetpack_publicize_feature_enabled":true,"jetpack_social_post_already_shared":false,"jetpack_social_options":{"image_generator_settings":{"template":"highway","default_image_id":0,"font":"","enabled":false},"version":2}},"categories":[32],"tags":[],"class_list":["post-2013","post","type-post","status-publish","format-standard","has-post-thumbnail","hentry","category-santoral"],"aioseo_notices":[],"jetpack_publicize_connections":[],"jetpack_featured_media_url":"https:\/\/i0.wp.com\/www.raulmayoral.es\/wp-content\/uploads\/2024\/03\/21-de-marzo.jpg?fit=299%2C168&ssl=1","jetpack-related-posts":[],"jetpack_sharing_enabled":true,"_links":{"self":[{"href":"https:\/\/www.raulmayoral.es\/index.php\/wp-json\/wp\/v2\/posts\/2013","targetHints":{"allow":["GET"]}}],"collection":[{"href":"https:\/\/www.raulmayoral.es\/index.php\/wp-json\/wp\/v2\/posts"}],"about":[{"href":"https:\/\/www.raulmayoral.es\/index.php\/wp-json\/wp\/v2\/types\/post"}],"author":[{"embeddable":true,"href":"https:\/\/www.raulmayoral.es\/index.php\/wp-json\/wp\/v2\/users\/1"}],"replies":[{"embeddable":true,"href":"https:\/\/www.raulmayoral.es\/index.php\/wp-json\/wp\/v2\/comments?post=2013"}],"version-history":[{"count":1,"href":"https:\/\/www.raulmayoral.es\/index.php\/wp-json\/wp\/v2\/posts\/2013\/revisions"}],"predecessor-version":[{"id":2015,"href":"https:\/\/www.raulmayoral.es\/index.php\/wp-json\/wp\/v2\/posts\/2013\/revisions\/2015"}],"wp:featuredmedia":[{"embeddable":true,"href":"https:\/\/www.raulmayoral.es\/index.php\/wp-json\/wp\/v2\/media\/2014"}],"wp:attachment":[{"href":"https:\/\/www.raulmayoral.es\/index.php\/wp-json\/wp\/v2\/media?parent=2013"}],"wp:term":[{"taxonomy":"category","embeddable":true,"href":"https:\/\/www.raulmayoral.es\/index.php\/wp-json\/wp\/v2\/categories?post=2013"},{"taxonomy":"post_tag","embeddable":true,"href":"https:\/\/www.raulmayoral.es\/index.php\/wp-json\/wp\/v2\/tags?post=2013"}],"curies":[{"name":"wp","href":"https:\/\/api.w.org\/{rel}","templated":true}]}}