{"id":2021,"date":"2024-03-23T12:57:14","date_gmt":"2024-03-23T11:57:14","guid":{"rendered":"https:\/\/www.raulmayoral.es\/?p=2021"},"modified":"2024-03-23T12:58:35","modified_gmt":"2024-03-23T11:58:35","slug":"23-de-marzo-santo-toribio-de-mogrovejo-1538-1606","status":"publish","type":"post","link":"https:\/\/www.raulmayoral.es\/index.php\/2024\/03\/23\/23-de-marzo-santo-toribio-de-mogrovejo-1538-1606\/","title":{"rendered":"23 de marzo. San Toribio de Mogrovejo (1538-1606)"},"content":{"rendered":"\n<p class=\"wp-block-paragraph\">Debi\u00f3 de nacer en Mayorga, Valladolid. <strong>Toribio<\/strong> estudi\u00f3 en \u00e9sta ciudad as\u00ed como en Salamanca y Coimbra. En la universidad salmantina se gradu\u00f3 en Derecho y en la de Coimbra imparti\u00f3 clases, siendo un brillante jurista seglar, al que en 1575 se le nombr\u00f3 presidente de la Inquisici\u00f3n granadina. <\/p>\n\n\n\n<p class=\"wp-block-paragraph\">\u00bfC\u00f3mo se le ocurri\u00f3 a <strong>Felipe II<\/strong> pensar en este hombre que no era sacerdote para arzobispo de Lima? Toribio dud\u00f3 mucho en aceptar, pero al fin recibe las \u00f3rdenes, se le consagra obispo de Sevilla y en 1581 llega al Per\u00fa, donde tiene una di\u00f3cesis tan grande como un reino de Europa, con caminos impracticables, indios ind\u00f3ciles y espa\u00f1oles acostumbrados a su capricho y conveniencia.<\/p>\n\n\n\n<p class=\"wp-block-paragraph\">A todo ello remediar\u00e1 <strong>San Toribio<\/strong>, que lleva la fe cristiana y el orden de Trento a aquellas lejanas tierras. Recorre una y otra vez el Per\u00fa, aprende varias lenguas ind\u00edgenas para poder predicar en ellas, publica un catecismo, funda el primer seminario de Am\u00e9rica y se enfrenta con los privilegios abusivos de las grandes \u00f3rdenes religiosas y con el absolutismo del virreinato.<\/p>\n\n\n\n<p class=\"wp-block-paragraph\">El Narigudo, como le llamaban los indios por su prominente nariz, derrocha caridad, inteligencia y vigor, se expone a los mayores peligros, alienta la espiritualidad de <strong>Santa Rosa de Lima<\/strong> y la muerte le sorprende en uno de sus numerosos viajes, en Sa\u00f1a Grande, donde se hace cantar por un misionero, al son de un arpa, el salmo <em>In te, Domine speravi<\/em>.  <\/p>\n\n\n\n<p class=\"wp-block-paragraph\">Fuente: <em>La casa de los Santos. Un Santo para cada d\u00eda<\/em>. Carlos Pujol<\/p>\n","protected":false},"excerpt":{"rendered":"<p>Debi\u00f3 de nacer en Mayorga, Valladolid. Toribio estudi\u00f3 en \u00e9sta ciudad as\u00ed como en Salamanca y Coimbra. En la universidad salmantina se gradu\u00f3 en Derecho y en la de Coimbra imparti\u00f3 clases, siendo un brillante jurista seglar, al que en 1575 se le nombr\u00f3 presidente de la Inquisici\u00f3n granadina. \u00bfC\u00f3mo se le ocurri\u00f3 a Felipe [&hellip;]<\/p>\n","protected":false},"author":1,"featured_media":2022,"comment_status":"open","ping_status":"open","sticky":false,"template":"","format":"standard","meta":{"_crdt_document":"","om_disable_all_campaigns":false,"_monsterinsights_skip_tracking":false,"_monsterinsights_sitenote_active":false,"_monsterinsights_sitenote_note":"","_monsterinsights_sitenote_category":0,"_uf_show_specific_survey":0,"_uf_disable_surveys":false,"jetpack_post_was_ever_published":false,"_jetpack_newsletter_access":"","_jetpack_dont_email_post_to_subs":false,"_jetpack_newsletter_tier_id":0,"_jetpack_memberships_contains_paywalled_content":false,"_jetpack_memberships_contains_paid_content":false,"footnotes":"","jetpack_publicize_message":"","jetpack_publicize_feature_enabled":true,"jetpack_social_post_already_shared":false,"jetpack_social_options":{"image_generator_settings":{"template":"highway","default_image_id":0,"font":"","enabled":false},"version":2}},"categories":[32],"tags":[],"class_list":["post-2021","post","type-post","status-publish","format-standard","has-post-thumbnail","hentry","category-santoral"],"aioseo_notices":[],"jetpack_publicize_connections":[],"jetpack_featured_media_url":"https:\/\/i0.wp.com\/www.raulmayoral.es\/wp-content\/uploads\/2024\/03\/23-marzo.png?fit=500%2C500&ssl=1","jetpack-related-posts":[],"jetpack_sharing_enabled":true,"_links":{"self":[{"href":"https:\/\/www.raulmayoral.es\/index.php\/wp-json\/wp\/v2\/posts\/2021","targetHints":{"allow":["GET"]}}],"collection":[{"href":"https:\/\/www.raulmayoral.es\/index.php\/wp-json\/wp\/v2\/posts"}],"about":[{"href":"https:\/\/www.raulmayoral.es\/index.php\/wp-json\/wp\/v2\/types\/post"}],"author":[{"embeddable":true,"href":"https:\/\/www.raulmayoral.es\/index.php\/wp-json\/wp\/v2\/users\/1"}],"replies":[{"embeddable":true,"href":"https:\/\/www.raulmayoral.es\/index.php\/wp-json\/wp\/v2\/comments?post=2021"}],"version-history":[{"count":2,"href":"https:\/\/www.raulmayoral.es\/index.php\/wp-json\/wp\/v2\/posts\/2021\/revisions"}],"predecessor-version":[{"id":2024,"href":"https:\/\/www.raulmayoral.es\/index.php\/wp-json\/wp\/v2\/posts\/2021\/revisions\/2024"}],"wp:featuredmedia":[{"embeddable":true,"href":"https:\/\/www.raulmayoral.es\/index.php\/wp-json\/wp\/v2\/media\/2022"}],"wp:attachment":[{"href":"https:\/\/www.raulmayoral.es\/index.php\/wp-json\/wp\/v2\/media?parent=2021"}],"wp:term":[{"taxonomy":"category","embeddable":true,"href":"https:\/\/www.raulmayoral.es\/index.php\/wp-json\/wp\/v2\/categories?post=2021"},{"taxonomy":"post_tag","embeddable":true,"href":"https:\/\/www.raulmayoral.es\/index.php\/wp-json\/wp\/v2\/tags?post=2021"}],"curies":[{"name":"wp","href":"https:\/\/api.w.org\/{rel}","templated":true}]}}