{"id":2025,"date":"2024-03-24T09:42:40","date_gmt":"2024-03-24T08:42:40","guid":{"rendered":"https:\/\/www.raulmayoral.es\/?p=2025"},"modified":"2026-03-24T10:30:45","modified_gmt":"2026-03-24T09:30:45","slug":"24-de-marzo-santa-catalina-de-suecia-1330-1381","status":"publish","type":"post","link":"https:\/\/www.raulmayoral.es\/index.php\/2024\/03\/24\/24-de-marzo-santa-catalina-de-suecia-1330-1381\/","title":{"rendered":"24 de marzo. Santa Catalina de Suecia (1330-1381)"},"content":{"rendered":"\r\n<p class=\"wp-block-paragraph\">Aun despu\u00e9s de hacerse protestantes, los suecos siguen viendo en ella un prototipo nacional de mujer resuelta y animosa, de fuerte personalidad y atra\u00edda por el im\u00e1n espiritual de Roma. Hija de <strong>Santa Br\u00edgida <\/strong>(23 de julio), <strong>Catalina<\/strong> contrae matrimonio con el piadoso conde <strong>Edgard Lydersson<\/strong>, haciendo voto de castidad. En 1350, se traslad\u00f3 a Roma para ayudar a su madre, ocupada en conseguir que los pont\u00edfices aprobaran la orden del Sant\u00edsimo Salvador.<\/p>\r\n\r\n\r\n\r\n<p class=\"wp-block-paragraph\">Vivi\u00f3 un cuarto de siglo en la Ciudad Eterna entre grandes austeridades, cuidando a pobres y a enfermos. Tras enviudar, a la muerte de <strong>Br\u00edgida<\/strong>, volvi\u00f3 a su patria, fue abadesa del monasterio de Vadstena, en la orilla derecha del lago V\u00e4ttern. Todav\u00eda en 1375, efectuar\u00eda de nuevo un largo viaje hasta Roma para activar la aprobaci\u00f3n de la orden y promover la canonizaci\u00f3n de su madre.<\/p>\r\n\r\n\r\n\r\n<p class=\"wp-block-paragraph\">Muri\u00f3 en Vadstena como espejo de virtudes, y seg\u00fan la tradici\u00f3n, se vio surgir en el cielo una estrella desconocida que permaneci\u00f3 en el aire sobre el monasterio hasta que llevaron a enterrar a la santa, para luego desaparecer cuando su fatigada humanidad andariega volvi\u00f3 al polvo.<\/p>\r\n\r\n\r\n\r\n<p class=\"wp-block-paragraph\">Fuente: <em>La casa de los Santos. Un Santo para cada d\u00eda.<\/em> Carlos Pujol.<\/p>\r\n\r\n\r\n\r\n<p class=\"wp-block-paragraph\">&nbsp;<\/p>\r\n","protected":false},"excerpt":{"rendered":"<p>Aun despu\u00e9s de hacerse protestantes, los suecos siguen viendo en ella un prototipo nacional de mujer resuelta y animosa, de fuerte personalidad y atra\u00edda por el im\u00e1n espiritual de Roma. Hija de Santa Br\u00edgida (23 de julio), Catalina contrae matrimonio con el piadoso conde Edgard Lydersson, haciendo voto de castidad. En 1350, se traslad\u00f3 a [&hellip;]<\/p>\n","protected":false},"author":1,"featured_media":2026,"comment_status":"open","ping_status":"open","sticky":false,"template":"","format":"standard","meta":{"_crdt_document":"","om_disable_all_campaigns":false,"_monsterinsights_skip_tracking":false,"_monsterinsights_sitenote_active":false,"_monsterinsights_sitenote_note":"","_monsterinsights_sitenote_category":0,"_uf_show_specific_survey":0,"_uf_disable_surveys":false,"jetpack_post_was_ever_published":false,"_jetpack_newsletter_access":"","_jetpack_dont_email_post_to_subs":false,"_jetpack_newsletter_tier_id":0,"_jetpack_memberships_contains_paywalled_content":false,"_jetpack_memberships_contains_paid_content":false,"footnotes":"","jetpack_publicize_message":"","jetpack_publicize_feature_enabled":true,"jetpack_social_post_already_shared":false,"jetpack_social_options":{"image_generator_settings":{"template":"highway","default_image_id":0,"font":"","enabled":false},"version":2}},"categories":[32],"tags":[],"class_list":["post-2025","post","type-post","status-publish","format-standard","has-post-thumbnail","hentry","category-santoral"],"aioseo_notices":[],"jetpack_publicize_connections":[],"jetpack_featured_media_url":"https:\/\/i0.wp.com\/www.raulmayoral.es\/wp-content\/uploads\/2024\/03\/24-de-marzo.jpg?fit=1200%2C720&ssl=1","jetpack-related-posts":[],"jetpack_sharing_enabled":true,"_links":{"self":[{"href":"https:\/\/www.raulmayoral.es\/index.php\/wp-json\/wp\/v2\/posts\/2025","targetHints":{"allow":["GET"]}}],"collection":[{"href":"https:\/\/www.raulmayoral.es\/index.php\/wp-json\/wp\/v2\/posts"}],"about":[{"href":"https:\/\/www.raulmayoral.es\/index.php\/wp-json\/wp\/v2\/types\/post"}],"author":[{"embeddable":true,"href":"https:\/\/www.raulmayoral.es\/index.php\/wp-json\/wp\/v2\/users\/1"}],"replies":[{"embeddable":true,"href":"https:\/\/www.raulmayoral.es\/index.php\/wp-json\/wp\/v2\/comments?post=2025"}],"version-history":[{"count":2,"href":"https:\/\/www.raulmayoral.es\/index.php\/wp-json\/wp\/v2\/posts\/2025\/revisions"}],"predecessor-version":[{"id":3635,"href":"https:\/\/www.raulmayoral.es\/index.php\/wp-json\/wp\/v2\/posts\/2025\/revisions\/3635"}],"wp:featuredmedia":[{"embeddable":true,"href":"https:\/\/www.raulmayoral.es\/index.php\/wp-json\/wp\/v2\/media\/2026"}],"wp:attachment":[{"href":"https:\/\/www.raulmayoral.es\/index.php\/wp-json\/wp\/v2\/media?parent=2025"}],"wp:term":[{"taxonomy":"category","embeddable":true,"href":"https:\/\/www.raulmayoral.es\/index.php\/wp-json\/wp\/v2\/categories?post=2025"},{"taxonomy":"post_tag","embeddable":true,"href":"https:\/\/www.raulmayoral.es\/index.php\/wp-json\/wp\/v2\/tags?post=2025"}],"curies":[{"name":"wp","href":"https:\/\/api.w.org\/{rel}","templated":true}]}}