{"id":2030,"date":"2024-03-25T22:19:48","date_gmt":"2024-03-25T21:19:48","guid":{"rendered":"https:\/\/www.raulmayoral.es\/?p=2030"},"modified":"2024-03-25T22:19:50","modified_gmt":"2024-03-25T21:19:50","slug":"25-de-marzo-la-anunciacion","status":"publish","type":"post","link":"https:\/\/www.raulmayoral.es\/index.php\/2024\/03\/25\/25-de-marzo-la-anunciacion\/","title":{"rendered":"25 de marzo. La Anunciaci\u00f3n"},"content":{"rendered":"\n<p class=\"wp-block-paragraph\">Nueve meses antes de la Navidad se conmemora la visita del arc\u00e1ngel <strong>Gabriel <\/strong>a una virgen de Nazaret llamada <strong>Mar\u00eda<\/strong>, seg\u00fan cuenta <strong>San Lucas, el evangelista<\/strong>, a quien Nuestra Madre y Se\u00f1ora debi\u00f3 de contar tan singular episodio. Ella est\u00e1 en su casa y un enviado de <strong>Dios<\/strong> se hace visible como luz radiante en forma de muchacho celeste y le manifiesta un mensaje. De \u00e9l dir\u00e1 el insigne escritor <strong>Jos\u00e9 Mar\u00eda Pem\u00e1n<\/strong> que fue el primer cuerpo diplom\u00e1tico de la Historia. <\/p>\n\n\n\n<p class=\"wp-block-paragraph\">El mensajero la saluda y habla de sucesos futuros: \u00abConcebir\u00e1s y dar\u00e1s a luz a un Hijo a quien pondr\u00e1s por nombre <strong>Jes\u00fas<\/strong>. Ser\u00e1 grande y se llamar\u00e1 Hijo del Alt\u00edsimo\u00bb. Ella objeta: \u00abNo conozco var\u00f3n\u00bb. El \u00e1ngel explica: \u00abNada hay imposible para Dios\u00bb, record\u00e1ndole que la esterilidad de su prima <strong>Isabel<\/strong> no le ha impedido concebir. Pero lo cierto, m\u00e1s que afirmar, el mensajero pregunta. Dios no quiere ser hombre sin que su madre humana acepte libremente la maternidad.<\/p>\n\n\n\n<p class=\"wp-block-paragraph\">Dios haci\u00e9ndose hombre en un lugar de Galilea es un irrepetible prodigio trascendental que depende de la respuesta de Mar\u00eda: \u00abHe aqu\u00ed la esclava del Se\u00f1or, h\u00e1gase en mi seg\u00fan tu palabra\u00bb, es la contestaci\u00f3n. Y el Verbo se hizo carne con aqu\u00e9l sencillo asentimiento.<\/p>\n\n\n\n<p class=\"wp-block-paragraph\">Fuente: <em>La casa de los santos. Un Santo para cada d\u00eda<\/em>. Carlos Pujol.<\/p>\n\n\n\n<p class=\"wp-block-paragraph\">Libercast: Ven y ver\u00e1s. <a href=\"https:\/\/www.youtube.com\/@libercast.oficial\" title=\"\">https:\/\/www.youtube.com\/@libercast.oficial<\/a><\/p>\n","protected":false},"excerpt":{"rendered":"<p>Nueve meses antes de la Navidad se conmemora la visita del arc\u00e1ngel Gabriel a una virgen de Nazaret llamada Mar\u00eda, seg\u00fan cuenta San Lucas, el evangelista, a quien Nuestra Madre y Se\u00f1ora debi\u00f3 de contar tan singular episodio. Ella est\u00e1 en su casa y un enviado de Dios se hace visible como luz radiante en [&hellip;]<\/p>\n","protected":false},"author":1,"featured_media":2031,"comment_status":"open","ping_status":"open","sticky":false,"template":"","format":"standard","meta":{"_crdt_document":"","om_disable_all_campaigns":false,"_monsterinsights_skip_tracking":false,"_monsterinsights_sitenote_active":false,"_monsterinsights_sitenote_note":"","_monsterinsights_sitenote_category":0,"_uf_show_specific_survey":0,"_uf_disable_surveys":false,"jetpack_post_was_ever_published":false,"_jetpack_newsletter_access":"","_jetpack_dont_email_post_to_subs":false,"_jetpack_newsletter_tier_id":0,"_jetpack_memberships_contains_paywalled_content":false,"_jetpack_memberships_contains_paid_content":false,"footnotes":"","jetpack_publicize_message":"","jetpack_publicize_feature_enabled":true,"jetpack_social_post_already_shared":false,"jetpack_social_options":{"image_generator_settings":{"template":"highway","default_image_id":0,"font":"","enabled":false},"version":2}},"categories":[32],"tags":[],"class_list":["post-2030","post","type-post","status-publish","format-standard","has-post-thumbnail","hentry","category-santoral"],"aioseo_notices":[],"jetpack_publicize_connections":[],"jetpack_featured_media_url":"https:\/\/i0.wp.com\/www.raulmayoral.es\/wp-content\/uploads\/2024\/03\/25-de-marzo.jpg?fit=1920%2C1617&ssl=1","jetpack-related-posts":[],"jetpack_sharing_enabled":true,"_links":{"self":[{"href":"https:\/\/www.raulmayoral.es\/index.php\/wp-json\/wp\/v2\/posts\/2030","targetHints":{"allow":["GET"]}}],"collection":[{"href":"https:\/\/www.raulmayoral.es\/index.php\/wp-json\/wp\/v2\/posts"}],"about":[{"href":"https:\/\/www.raulmayoral.es\/index.php\/wp-json\/wp\/v2\/types\/post"}],"author":[{"embeddable":true,"href":"https:\/\/www.raulmayoral.es\/index.php\/wp-json\/wp\/v2\/users\/1"}],"replies":[{"embeddable":true,"href":"https:\/\/www.raulmayoral.es\/index.php\/wp-json\/wp\/v2\/comments?post=2030"}],"version-history":[{"count":1,"href":"https:\/\/www.raulmayoral.es\/index.php\/wp-json\/wp\/v2\/posts\/2030\/revisions"}],"predecessor-version":[{"id":2032,"href":"https:\/\/www.raulmayoral.es\/index.php\/wp-json\/wp\/v2\/posts\/2030\/revisions\/2032"}],"wp:featuredmedia":[{"embeddable":true,"href":"https:\/\/www.raulmayoral.es\/index.php\/wp-json\/wp\/v2\/media\/2031"}],"wp:attachment":[{"href":"https:\/\/www.raulmayoral.es\/index.php\/wp-json\/wp\/v2\/media?parent=2030"}],"wp:term":[{"taxonomy":"category","embeddable":true,"href":"https:\/\/www.raulmayoral.es\/index.php\/wp-json\/wp\/v2\/categories?post=2030"},{"taxonomy":"post_tag","embeddable":true,"href":"https:\/\/www.raulmayoral.es\/index.php\/wp-json\/wp\/v2\/tags?post=2030"}],"curies":[{"name":"wp","href":"https:\/\/api.w.org\/{rel}","templated":true}]}}