{"id":2033,"date":"2024-03-26T16:55:59","date_gmt":"2024-03-26T15:55:59","guid":{"rendered":"https:\/\/www.raulmayoral.es\/?p=2033"},"modified":"2024-03-26T16:56:03","modified_gmt":"2024-03-26T15:56:03","slug":"26-de-marzo-san-braulio-590-651","status":"publish","type":"post","link":"https:\/\/www.raulmayoral.es\/index.php\/2024\/03\/26\/26-de-marzo-san-braulio-590-651\/","title":{"rendered":"26 de marzo. San Braulio (590-651)"},"content":{"rendered":"\n<p class=\"wp-block-paragraph\">Se ignora donde naci\u00f3. S\u00ed se sabe que se educ\u00f3 con su hermano <strong>Juan<\/strong>, obispo de Zaragoza. <strong>Braulio<\/strong> fue muy versado en humanidades y complet\u00f3 su formaci\u00f3n en Sevilla, junto al gran<strong> San Isidoro<\/strong>. A la muerte de su hermano (631), Braulio le sucede en la sede episcopal zaragozana. Dos a\u00f1os m\u00e1s tarde se encuentra por \u00faltima vez en el Concilio de Toledo con su amigo y maestro <strong>Isidoro<\/strong> rog\u00e1ndole que le env\u00ede el libro de las <em>Etimolog\u00edas<\/em>, al parecer compuesto a petici\u00f3n suya.  <\/p>\n\n\n\n<p class=\"wp-block-paragraph\">Uno y otro intercambian cartas admirables de piedad, cari\u00f1o y bibliograf\u00eda, porque Braulio es un incansable bibli\u00f3filo. Tras la muerte de San Isidoro, ser\u00e1 en un nuevo concilio toledano, donde su amigo se revela como heredero y sucesor de aquella lumbrera, figura de mayor reputaci\u00f3n dentro de la Iglesia espa\u00f1ola.<\/p>\n\n\n\n<p class=\"wp-block-paragraph\">En los a\u00f1os finales de su vida, <strong>San Braulio<\/strong> multiplica su actividad: influye en los reyes, responde al Papa <strong>Honorio <\/strong>con tanto respeto y veneraci\u00f3n como energ\u00eda, ya que el pont\u00edfice reprocha injustificadamente a los obispos de Espa\u00f1a su supuesta lenidad, es autor de himnos que se incorporan a la liturgia moz\u00e1rabe, atiende a todo g\u00e9nero de consultas y gobierna su di\u00f3cesis con bondad y criterio firme. Ya casi ciego y con la salud muy quebrantada, sigue buscando afanosamente c\u00f3dices para adquirir y copiar. Encabezaba sus cartas como \u00absiervo in\u00fatil de los Santos de Dios\u00bb.<\/p>\n\n\n\n<p class=\"wp-block-paragraph\">Fuente: <em>La casa de los Santos. Un Santo para cada d\u00eda<\/em>. Carlos Pujol.<\/p>\n","protected":false},"excerpt":{"rendered":"<p>Se ignora donde naci\u00f3. S\u00ed se sabe que se educ\u00f3 con su hermano Juan, obispo de Zaragoza. Braulio fue muy versado en humanidades y complet\u00f3 su formaci\u00f3n en Sevilla, junto al gran San Isidoro. A la muerte de su hermano (631), Braulio le sucede en la sede episcopal zaragozana. Dos a\u00f1os m\u00e1s tarde se encuentra [&hellip;]<\/p>\n","protected":false},"author":1,"featured_media":2034,"comment_status":"open","ping_status":"open","sticky":false,"template":"","format":"standard","meta":{"_crdt_document":"","om_disable_all_campaigns":false,"_monsterinsights_skip_tracking":false,"_monsterinsights_sitenote_active":false,"_monsterinsights_sitenote_note":"","_monsterinsights_sitenote_category":0,"_uf_show_specific_survey":0,"_uf_disable_surveys":false,"jetpack_post_was_ever_published":false,"_jetpack_newsletter_access":"","_jetpack_dont_email_post_to_subs":false,"_jetpack_newsletter_tier_id":0,"_jetpack_memberships_contains_paywalled_content":false,"_jetpack_memberships_contains_paid_content":false,"footnotes":"","jetpack_publicize_message":"","jetpack_publicize_feature_enabled":true,"jetpack_social_post_already_shared":false,"jetpack_social_options":{"image_generator_settings":{"template":"highway","default_image_id":0,"font":"","enabled":false},"version":2}},"categories":[32],"tags":[],"class_list":["post-2033","post","type-post","status-publish","format-standard","has-post-thumbnail","hentry","category-santoral"],"aioseo_notices":[],"jetpack_publicize_connections":[],"jetpack_featured_media_url":"https:\/\/i0.wp.com\/www.raulmayoral.es\/wp-content\/uploads\/2024\/03\/26-marzo.jpg?fit=976%2C549&ssl=1","jetpack-related-posts":[],"jetpack_sharing_enabled":true,"_links":{"self":[{"href":"https:\/\/www.raulmayoral.es\/index.php\/wp-json\/wp\/v2\/posts\/2033","targetHints":{"allow":["GET"]}}],"collection":[{"href":"https:\/\/www.raulmayoral.es\/index.php\/wp-json\/wp\/v2\/posts"}],"about":[{"href":"https:\/\/www.raulmayoral.es\/index.php\/wp-json\/wp\/v2\/types\/post"}],"author":[{"embeddable":true,"href":"https:\/\/www.raulmayoral.es\/index.php\/wp-json\/wp\/v2\/users\/1"}],"replies":[{"embeddable":true,"href":"https:\/\/www.raulmayoral.es\/index.php\/wp-json\/wp\/v2\/comments?post=2033"}],"version-history":[{"count":1,"href":"https:\/\/www.raulmayoral.es\/index.php\/wp-json\/wp\/v2\/posts\/2033\/revisions"}],"predecessor-version":[{"id":2035,"href":"https:\/\/www.raulmayoral.es\/index.php\/wp-json\/wp\/v2\/posts\/2033\/revisions\/2035"}],"wp:featuredmedia":[{"embeddable":true,"href":"https:\/\/www.raulmayoral.es\/index.php\/wp-json\/wp\/v2\/media\/2034"}],"wp:attachment":[{"href":"https:\/\/www.raulmayoral.es\/index.php\/wp-json\/wp\/v2\/media?parent=2033"}],"wp:term":[{"taxonomy":"category","embeddable":true,"href":"https:\/\/www.raulmayoral.es\/index.php\/wp-json\/wp\/v2\/categories?post=2033"},{"taxonomy":"post_tag","embeddable":true,"href":"https:\/\/www.raulmayoral.es\/index.php\/wp-json\/wp\/v2\/tags?post=2033"}],"curies":[{"name":"wp","href":"https:\/\/api.w.org\/{rel}","templated":true}]}}