{"id":2037,"date":"2024-03-28T10:59:53","date_gmt":"2024-03-28T09:59:53","guid":{"rendered":"https:\/\/www.raulmayoral.es\/?p=2037"},"modified":"2024-03-28T11:20:32","modified_gmt":"2024-03-28T10:20:32","slug":"27-de-marzo-san-juan-de-egipto-304-394","status":"publish","type":"post","link":"https:\/\/www.raulmayoral.es\/index.php\/2024\/03\/28\/27-de-marzo-san-juan-de-egipto-304-394\/","title":{"rendered":"27 de marzo. San Juan de Egipto (304-394)"},"content":{"rendered":"\n<p class=\"wp-block-paragraph\">Nacido en Lic\u00f3polis, hoy Asiut, de profesi\u00f3n carpintero, <strong>Juan <\/strong>se dedic\u00f3 en edad madura,  a hacer vida de ermita\u00f1o, adquiriendo una reputaci\u00f3n de santidad solo inferior a la del famos\u00edsimo <strong>San Antonio<\/strong>, y profetizando  las victorias del emperador <strong>Teodosio<\/strong>. <\/p>\n\n\n\n<p class=\"wp-block-paragraph\">Cierto d\u00eda el eremita acogi\u00f3 en su caverna del desierto a una mujer errante y extenuada que le conmovi\u00f3 con la dulzura de sus palabras; siguieron otras m\u00e1s dulces a\u00fan, mezcladas con risas y caricias, y hasta la mujer tuvo el atrevimiento de tocar las barbas y el ment\u00f3n de Juan. Y cuando \u00e9ste, cediendo a los impulsos de una pasi\u00f3n desordenada, tendi\u00f3 sus brazos hacia ella, el demonio, revestido de aquella apariencia, pero cuyo cuerpo fantasmag\u00f3rico no era m\u00e1s que aire, se esfum\u00f3 lanzando alaridos espantosos, y un tropel de malos esp\u00edritus acudi\u00f3 para presenciar entre burlas la confusi\u00f3n del hombre de <strong>Dios<\/strong>. <\/p>\n\n\n\n<p class=\"wp-block-paragraph\">Para el recuerdo nos queda la escena pintada por el sien\u00e9s <strong>Pietro Lorenzetti <\/strong>en un fresco del camposanto de Pisa: una mujer de hermosura extra\u00f1a y glacial fija su mirada obsesionante en el monje barbudo que le aprieta la mano. Una atm\u00f3sfera como de sue\u00f1o, voluptuosa y fat\u00eddica, envuelve a la bella y al solitario. Es la imagen de la debilidad, la compasi\u00f3n peligrosa que permite la ca\u00edda y que el Diablo le enternezca. No es malo ver tambi\u00e9n a los santos apeados de sus altares y de su impasibilidad aparente, turbados y zarandeados por el instinto, d\u00e9biles como todos hasta querer incluso abrazar la fantasmagor\u00eda que se deshace en un estr\u00e9pito infernal, en humo y arrepentimiento.<\/p>\n\n\n\n<p class=\"wp-block-paragraph\">Fuente: <em>La casa de los Santos. Un Santo para cada d\u00eda<\/em>. Carlos Pujol.<\/p>\n","protected":false},"excerpt":{"rendered":"<p>Nacido en Lic\u00f3polis, hoy Asiut, de profesi\u00f3n carpintero, Juan se dedic\u00f3 en edad madura, a hacer vida de ermita\u00f1o, adquiriendo una reputaci\u00f3n de santidad solo inferior a la del famos\u00edsimo San Antonio, y profetizando las victorias del emperador Teodosio. Cierto d\u00eda el eremita acogi\u00f3 en su caverna del desierto a una mujer errante y extenuada [&hellip;]<\/p>\n","protected":false},"author":1,"featured_media":2038,"comment_status":"open","ping_status":"open","sticky":false,"template":"","format":"standard","meta":{"_crdt_document":"","om_disable_all_campaigns":false,"_monsterinsights_skip_tracking":false,"_monsterinsights_sitenote_active":false,"_monsterinsights_sitenote_note":"","_monsterinsights_sitenote_category":0,"_uf_show_specific_survey":0,"_uf_disable_surveys":false,"jetpack_post_was_ever_published":false,"_jetpack_newsletter_access":"","_jetpack_dont_email_post_to_subs":false,"_jetpack_newsletter_tier_id":0,"_jetpack_memberships_contains_paywalled_content":false,"_jetpack_memberships_contains_paid_content":false,"footnotes":"","jetpack_publicize_message":"","jetpack_publicize_feature_enabled":true,"jetpack_social_post_already_shared":false,"jetpack_social_options":{"image_generator_settings":{"template":"highway","default_image_id":0,"font":"","enabled":false},"version":2}},"categories":[32],"tags":[],"class_list":["post-2037","post","type-post","status-publish","format-standard","has-post-thumbnail","hentry","category-santoral"],"aioseo_notices":[],"jetpack_publicize_connections":[],"jetpack_featured_media_url":"https:\/\/i0.wp.com\/www.raulmayoral.es\/wp-content\/uploads\/2024\/03\/27-marzo.webp?fit=297%2C170&ssl=1","jetpack-related-posts":[],"jetpack_sharing_enabled":true,"_links":{"self":[{"href":"https:\/\/www.raulmayoral.es\/index.php\/wp-json\/wp\/v2\/posts\/2037","targetHints":{"allow":["GET"]}}],"collection":[{"href":"https:\/\/www.raulmayoral.es\/index.php\/wp-json\/wp\/v2\/posts"}],"about":[{"href":"https:\/\/www.raulmayoral.es\/index.php\/wp-json\/wp\/v2\/types\/post"}],"author":[{"embeddable":true,"href":"https:\/\/www.raulmayoral.es\/index.php\/wp-json\/wp\/v2\/users\/1"}],"replies":[{"embeddable":true,"href":"https:\/\/www.raulmayoral.es\/index.php\/wp-json\/wp\/v2\/comments?post=2037"}],"version-history":[{"count":3,"href":"https:\/\/www.raulmayoral.es\/index.php\/wp-json\/wp\/v2\/posts\/2037\/revisions"}],"predecessor-version":[{"id":2041,"href":"https:\/\/www.raulmayoral.es\/index.php\/wp-json\/wp\/v2\/posts\/2037\/revisions\/2041"}],"wp:featuredmedia":[{"embeddable":true,"href":"https:\/\/www.raulmayoral.es\/index.php\/wp-json\/wp\/v2\/media\/2038"}],"wp:attachment":[{"href":"https:\/\/www.raulmayoral.es\/index.php\/wp-json\/wp\/v2\/media?parent=2037"}],"wp:term":[{"taxonomy":"category","embeddable":true,"href":"https:\/\/www.raulmayoral.es\/index.php\/wp-json\/wp\/v2\/categories?post=2037"},{"taxonomy":"post_tag","embeddable":true,"href":"https:\/\/www.raulmayoral.es\/index.php\/wp-json\/wp\/v2\/tags?post=2037"}],"curies":[{"name":"wp","href":"https:\/\/api.w.org\/{rel}","templated":true}]}}